{"id":622172,"date":"2025-12-25T20:58:34","date_gmt":"2025-12-25T20:58:34","guid":{"rendered":"https:\/\/www.europesays.com\/fr\/622172\/"},"modified":"2025-12-25T20:58:34","modified_gmt":"2025-12-25T20:58:34","slug":"le-pere-noel-se-fait-coiffeur-le-soir-du-reveillon","status":"publish","type":"post","link":"https:\/\/www.europesays.com\/fr\/622172\/","title":{"rendered":"le p\u00e8re No\u00ebl se fait coiffeur le soir du r\u00e9veillon"},"content":{"rendered":"<p>Une jolie surprise attendait les clients du salon de coiffure situ\u00e9 au c\u0153ur de l\u2019arrondissement, au 87 rue Boileau. Ce mercredi 24\u00a0d\u00e9cembre, ceux et celles venus se faire couper les cheveux en cette veille de f\u00eate, ont \u00e9t\u00e9 coiff\u00e9s par le p\u00e8re No\u00ebl lui-m\u00eame. Olivier, l\u2019un des deux associ\u00e9s, arborait la belle tenue rouge qu\u2019il a utilis\u00e9e ces trois derniers mois au march\u00e9 de No\u00ebl de la place Carnot, aupr\u00e8s du Rotary Club Quintessence. Les profits de l\u2019op\u00e9ration sont revenus \u00e0 l\u2019association \u201cPr\u00eate-moi tes ailes\u201d qui soutient les familles d\u2019enfants trisomiques.<\/p>\n","protected":false},"excerpt":{"rendered":"Une jolie surprise attendait les clients du salon de coiffure situ\u00e9 au c\u0153ur de l\u2019arrondissement, au 87 rue&hellip;\n","protected":false},"author":2,"featured_media":622173,"comment_status":"","ping_status":"","sticky":false,"template":"","format":"standard","meta":{"footnotes":""},"categories":[1889],"tags":[1111,11,2430,2757,1777,674,1011,27,1757,2428,14926,2802,12,25,104,1631],"class_list":{"0":"post-622172","1":"post","2":"type-post","3":"status-publish","4":"format-standard","5":"has-post-thumbnail","7":"category-lyon","8":"tag-actu","9":"tag-actualites","10":"tag-auvergne-rhone-alpes","11":"tag-edition-lyon-villeurbanne","12":"tag-eu","13":"tag-europe","14":"tag-fr","15":"tag-france","16":"tag-insolite","17":"tag-lyon","18":"tag-lyon-6e","19":"tag-lyon-6e-arrondissement","20":"tag-news","21":"tag-republique-francaise","22":"tag-societe","23":"tag-vie-associative"},"share_on_mastodon":{"url":"https:\/\/pubeurope.com\/@fr\/115782215464696469","error":""},"_links":{"self":[{"href":"https:\/\/www.europesays.com\/fr\/wp-json\/wp\/v2\/posts\/622172","targetHints":{"allow":["GET"]}}],"collection":[{"href":"https:\/\/www.europesays.com\/fr\/wp-json\/wp\/v2\/posts"}],"about":[{"href":"https:\/\/www.europesays.com\/fr\/wp-json\/wp\/v2\/types\/post"}],"author":[{"embeddable":true,"href":"https:\/\/www.europesays.com\/fr\/wp-json\/wp\/v2\/users\/2"}],"replies":[{"embeddable":true,"href":"https:\/\/www.europesays.com\/fr\/wp-json\/wp\/v2\/comments?post=622172"}],"version-history":[{"count":0,"href":"https:\/\/www.europesays.com\/fr\/wp-json\/wp\/v2\/posts\/622172\/revisions"}],"wp:featuredmedia":[{"embeddable":true,"href":"https:\/\/www.europesays.com\/fr\/wp-json\/wp\/v2\/media\/622173"}],"wp:attachment":[{"href":"https:\/\/www.europesays.com\/fr\/wp-json\/wp\/v2\/media?parent=622172"}],"wp:term":[{"taxonomy":"category","embeddable":true,"href":"https:\/\/www.europesays.com\/fr\/wp-json\/wp\/v2\/categories?post=622172"},{"taxonomy":"post_tag","embeddable":true,"href":"https:\/\/www.europesays.com\/fr\/wp-json\/wp\/v2\/tags?post=622172"}],"curies":[{"name":"wp","href":"https:\/\/api.w.org\/{rel}","templated":true}]}}