{"id":622174,"date":"2025-12-25T21:11:11","date_gmt":"2025-12-25T21:11:11","guid":{"rendered":"https:\/\/www.europesays.com\/fr\/622174\/"},"modified":"2025-12-25T21:11:11","modified_gmt":"2025-12-25T21:11:11","slug":"une-fillette-menacee-de-mort-sa-nounou-sequestree-les-auteurs-en-fuite","status":"publish","type":"post","link":"https:\/\/www.europesays.com\/fr\/622174\/","title":{"rendered":"une fillette menac\u00e9e de mort, sa nounou s\u00e9questr\u00e9e, les auteurs en fuite"},"content":{"rendered":"<p>                    Par<br \/>\n        <strong><br \/>\n            <a href=\"https:\/\/actu.fr\/auteur\/julie-bossart-actu-fr\" title=\"Consulter tous les articles de Julie Bossart\" target=\"_blank\" rel=\"noopener\">Julie Bossart<\/a><br \/>\n                    <\/strong><\/p>\n<p>        Publi\u00e9 le<\/p>\n<p>            24 d\u00e9c. 2025 \u00e0 14h35        <\/p>\n<p>Une soir\u00e9e qui a vir\u00e9 au cauchemar \u00e0 <a href=\"https:\/\/actu.fr\/ile-de-france\/saint-maur-des-fosses_94068\" target=\"_blank\" rel=\"noopener\">Saint-Maur-des-Foss\u00e9s<\/a>. Mardi 23\u00a0d\u00e9cembre 2025, aux alentours de 19\u2009h\u200930, trois individus sont entr\u00e9s brusquement dans un pavillon de cette ville cot\u00e9e du Val-de-Marne, a appris actu, confirmant une information du <a href=\"https:\/\/www.lefigaro.fr\/faits-divers\/val-de-marne-une-nounou-et-une-enfant-de-3-ans-menacees-de-mort-avec-un-couteau-par-des-cambrioleurs-20251224\" target=\"_blank\" rel=\"noopener\">Figaro<\/a>.<\/p>\n<p>Une enqu\u00eate pour vol en bande organis\u00e9e et s\u00e9questration<\/p>\n<p class=\" wall-content\">Les propri\u00e9taires de la maison \u00e9taient absents au moment des faits, seules se trouvaient \u00e0 l\u2019int\u00e9rieur une employ\u00e9e et l\u2019enfant du couple, \u00e2g\u00e9e de 3\u00a0ans. L\u2019un des intrus, muni d\u2019un couteau, aurait maintenu au sol la femme, tout en mena\u00e7ant de tuer l\u2019enfant si elle n\u2019ob\u00e9issait pas. Ses deux complices en ont profit\u00e9 pour fouiller la maison. Ils ont ensuite pris la fuite.<\/p>\n<p class=\" wall-content\">Les trois malfaiteurs sont activement recherch\u00e9s, nous indique le parquet de Cr\u00e9teil, qui pr\u00e9cise qu\u2019une enqu\u00eate a \u00e9t\u00e9 ouverte pour vol avec arme en bande organis\u00e9e et s\u00e9questration, et confi\u00e9e \u00e0 la sous-direction de la <a href=\"https:\/\/actu.fr\/tag\/police\" target=\"_blank\" rel=\"noopener\">police<\/a> judiciaire du Val-de-Marne. Aucun autre \u00e9l\u00e9ment n\u2019a filtr\u00e9 \u00e0 l\u2019heure actuelle, sur les faits ou le montant du pr\u00e9judice.<\/p>\n<p class=\" wall-content\">D\u2019apr\u00e8s Le Figaro, la nounou, tr\u00e8s choqu\u00e9e, a \u00e9t\u00e9 transport\u00e9e \u00e0 l\u2019h\u00f4pital.<\/p>\n<p class=\" wall-content\">Personnalisez votre actualit\u00e9 en ajoutant vos villes et m\u00e9dias en favori avec <a href=\"https:\/\/moncompte.actu.fr\" title=\"D\u00e9couvez Mon Actu\" rel=\"nofollow noopener\" data-trk=\"{&quot;cta&quot;:{&quot;action&quot;:&quot;https:\\\/\\\/moncompte.actu.fr&quot;,&quot;category&quot;:&quot;mon compte&quot;,&quot;from&quot;:&quot;article footer&quot;,&quot;name&quot;:&quot;Mon actu&quot;,&quot;type&quot;:&quot;cta&quot;}}\" target=\"_blank\">Mon Actu<\/a>.<\/p>\n","protected":false},"excerpt":{"rendered":"Par Julie Bossart Publi\u00e9 le 24 d\u00e9c. 2025 \u00e0 14h35 Une soir\u00e9e qui a vir\u00e9 au cauchemar \u00e0&hellip;\n","protected":false},"author":2,"featured_media":617889,"comment_status":"","ping_status":"","sticky":false,"template":"","format":"standard","meta":{"footnotes":""},"categories":[1888],"tags":[1111,1928,11,1927,1174,1777,674,118,1011,27,303,12,1926,626,1925,25,2949],"class_list":{"0":"post-622174","1":"post","2":"type-post","3":"status-publish","4":"format-standard","5":"has-post-thumbnail","7":"category-paris","8":"tag-actu","9":"tag-actu-paris","10":"tag-actualites","11":"tag-actualites-paris","12":"tag-cambriolage","13":"tag-eu","14":"tag-europe","15":"tag-faits-divers","16":"tag-fr","17":"tag-france","18":"tag-justice","19":"tag-news","20":"tag-news-paris","21":"tag-paris","22":"tag-paris-news","23":"tag-republique-francaise","24":"tag-violences"},"share_on_mastodon":{"url":"https:\/\/pubeurope.com\/@fr\/115782266659976976","error":""},"_links":{"self":[{"href":"https:\/\/www.europesays.com\/fr\/wp-json\/wp\/v2\/posts\/622174","targetHints":{"allow":["GET"]}}],"collection":[{"href":"https:\/\/www.europesays.com\/fr\/wp-json\/wp\/v2\/posts"}],"about":[{"href":"https:\/\/www.europesays.com\/fr\/wp-json\/wp\/v2\/types\/post"}],"author":[{"embeddable":true,"href":"https:\/\/www.europesays.com\/fr\/wp-json\/wp\/v2\/users\/2"}],"replies":[{"embeddable":true,"href":"https:\/\/www.europesays.com\/fr\/wp-json\/wp\/v2\/comments?post=622174"}],"version-history":[{"count":0,"href":"https:\/\/www.europesays.com\/fr\/wp-json\/wp\/v2\/posts\/622174\/revisions"}],"wp:featuredmedia":[{"embeddable":true,"href":"https:\/\/www.europesays.com\/fr\/wp-json\/wp\/v2\/media\/617889"}],"wp:attachment":[{"href":"https:\/\/www.europesays.com\/fr\/wp-json\/wp\/v2\/media?parent=622174"}],"wp:term":[{"taxonomy":"category","embeddable":true,"href":"https:\/\/www.europesays.com\/fr\/wp-json\/wp\/v2\/categories?post=622174"},{"taxonomy":"post_tag","embeddable":true,"href":"https:\/\/www.europesays.com\/fr\/wp-json\/wp\/v2\/tags?post=622174"}],"curies":[{"name":"wp","href":"https:\/\/api.w.org\/{rel}","templated":true}]}}