{"id":622175,"date":"2025-12-25T21:13:33","date_gmt":"2025-12-25T21:13:33","guid":{"rendered":"https:\/\/www.europesays.com\/fr\/622175\/"},"modified":"2025-12-25T21:13:33","modified_gmt":"2025-12-25T21:13:33","slug":"un-noel-particulierement-froid-pour-les-personnes-qui-vivent-a-la-rue-a-paris","status":"publish","type":"post","link":"https:\/\/www.europesays.com\/fr\/622175\/","title":{"rendered":"Un No\u00ebl particuli\u00e8rement froid pour les personnes qui vivent \u00e0 la rue \u00e0 Paris"},"content":{"rendered":"<p class=\"article__intro\">Alors que les temp\u00e9ratures ont fortement chut\u00e9 dans le nord de la France, l&rsquo;association Utopia 56 alerte sur l&rsquo;absence de plan Grand Froid dans la capitale qui permettrait d&rsquo;augmenter le nombre de places en h\u00e9bergement d&rsquo;urgence.<\/p>\n<p>\n      La Quotidienne Soci\u00e9t\u00e9\n    <\/p>\n<p>\n      De la vie quotidienne aux grands enjeux, recevez tous les jours les sujets qui font la soci\u00e9t\u00e9 locale, comme la justice, l\u2019\u00e9ducation, la sant\u00e9 et la famille.\n    <\/p>\n<p>    France T\u00e9l\u00e9visions utilise votre adresse e-mail afin de vous envoyer la newsletter \u00ab\u00a0La Quotidienne Soci\u00e9t\u00e9\u00a0\u00bb. Vous pouvez vous d\u00e9sinscrire \u00e0 tout moment via le lien en bas de cette newsletter. <a target=\"_blank\" href=\"https:\/\/www.francetelevisions.fr\/groupe\/confidentialite\/politique-de-confidentialite\/politique-de-confidentialite-de-france-televisions-6503\" rel=\"noopener\">Notre politique de confidentialit\u00e9<\/a><\/p>\n<p>Il n&rsquo;avait pas fait aussi froid un soir de No\u00ebl depuis 15 ans. Le gel et la neige, qui peuvent ravir les amoureux de ce moment, ont \u00e9t\u00e9 le cauchemar des plus d\u00e9munis.<\/p>\n<p>\u00ab\u00a0Cela a \u00e9t\u00e9 une nuit particuli\u00e8rement compliqu\u00e9e. Beaucoup de gens que l&rsquo;on a rencontr\u00e9s avaient tr\u00e8s froid. On a essay\u00e9 de les \u00e9quiper au maximum avec des couvertures\u00a0\u00bb, raconte Luc Viger, responsable de l&rsquo;antenne parisienne d&rsquo;Utopia 56.<\/p>\n<p>L&rsquo;association, qui accompagne des hommes isol\u00e9s, des mineurs non-accompagn\u00e9s ainsi que des familles \u00e0 la rue, peut h\u00e9berger 180 personnes au maximum par nuit.<\/p>\n<p>\u00ab\u00a0On esp\u00e8re que l&rsquo;\u00c9tat va mettre en place un plan grand froid pour h\u00e9berger un maximum de personnes. Avec les temp\u00e9ratures des prochains jours, c&rsquo;est une situation qui va se r\u00e9p\u00e9ter et qui sera tout autant \u00e9prouvante\u00a0\u00bb, poursuit-il.<\/p>\n<p>Selon le dernier comptage fait lors de la Nuit de la solidarit\u00e9, <a href=\"https:\/\/www.paris.fr\/pages\/nuit-de-la-solidarite-2025-29561\" target=\"_blank\" rel=\"noopener noreferrer nofollow\" data-tooltip-url=\"https:\/\/www.paris.fr\/pages\/nuit-de-la-solidarite-2025-29561\">plus de 3\u00a0500 personnes vivent \u00e0 la rue<\/a> \u00e0 Paris. Un chiffre globalement stable depuis plusieurs ann\u00e9es (hors p\u00e9riode Covid).<\/p>\n<p>\u00ab\u00a0Hier soir (mercredi 24 d\u00e9cembre), nous avons re\u00e7u 114 personnes dont 39 enfants. Toutes ont pu \u00eatre h\u00e9berg\u00e9es pour cette fois mais nos capacit\u00e9s ne sont pas infinies\u00a0\u00bb, explique Luc Viger.<\/p>\n<p>Ce dernier d\u00e9plore le manque de solutions apport\u00e9es \u00e0 ces populations : \u00ab\u00a0Les personnes appellent le 115 et soit il n&rsquo;y a pas de r\u00e9ponse, soit il n&rsquo;y a pas de place. Pour les hommes isol\u00e9s et certains mineurs non-accompagn\u00e9s, il n&rsquo;y a jamais de solution pour eux de la part du 115.\u00a0\u00bb<\/p>\n<p><a data-article-figure=\"\" href=\"https:\/\/france3-regions.franceinfo.fr\/image\/25i7mkG22G1RpGch_w-xnUTmw6Y\/1920x1080\/regions\/2025\/12\/25\/telechargement-11-694d617a6e6dc614291533.jpg\" data-pswp-width=\"1920\" data-pswp-height=\"1080\" target=\"_blank\" rel=\"noopener\"><\/p>\n<p>          <img width=\"600\" height=\"400\" class=\"article-image lazy\" data-src=\"https:\/\/www.europesays.com\/fr\/wp-content\/uploads\/2025\/12\/telechargement-11-694d617a6e6dc614291533.jpg\" alt=\"L'association Utopia 56 peut h\u00e9berger jusqu'\u00e0 180 personnes dans des lieux d'h\u00e9bergement d'urgence.\" fetchpriority=\"high\" as=\"image\"\/><\/p>\n<p>\n            L&rsquo;association Utopia 56 peut h\u00e9berger jusqu&rsquo;\u00e0 180 personnes dans des lieux d&rsquo;h\u00e9bergement d&rsquo;urgence.<br \/>\n                           \u2022<br \/>\n                                      \u00a9 France T\u00e9l\u00e9visions\n                      <\/p>\n<p><\/a><\/p>\n<p>La mairie de Paris affirme de son c\u00f4t\u00e9 financer plusieurs dispositifs de mises \u00e0 l&rsquo;abri : \u00ab\u00a0696 personnes ont \u00e9t\u00e9 prises en charge \u00e0 Paris dans la nuit du 23 janvier 2025 (contre 412 lors de l\u2019\u00e9dition de janvier 2024), jour de la Nuit de la solidarit\u00e9, ndlr.\u00a0\u00bb<\/p>\n<p>Luc Viger met en cause le r\u00f4le de l&rsquo;\u00c9tat : \u00ab\u00a0Il y a une non-volont\u00e9 d&rsquo;accueil et d&rsquo;accueillir par le trottoir. La France est l&rsquo;un des seuls pays o\u00f9 il n&rsquo;y a pas de centre de primo-accueil, o\u00f9 les personnes qui se pr\u00e9sentent doivent syst\u00e9matiquement passer par la rue avant de potentiellement avoir un h\u00e9bergement.\u00a0\u00bb<\/p>\n","protected":false},"excerpt":{"rendered":"Alors que les temp\u00e9ratures ont fortement chut\u00e9 dans le nord de la France, l&rsquo;association Utopia 56 alerte sur&hellip;\n","protected":false},"author":2,"featured_media":622176,"comment_status":"","ping_status":"","sticky":false,"template":"","format":"standard","meta":{"footnotes":""},"categories":[1888],"tags":[1111,1928,11,1927,1777,674,1011,27,12,1926,626,1925,25],"class_list":{"0":"post-622175","1":"post","2":"type-post","3":"status-publish","4":"format-standard","5":"has-post-thumbnail","7":"category-paris","8":"tag-actu","9":"tag-actu-paris","10":"tag-actualites","11":"tag-actualites-paris","12":"tag-eu","13":"tag-europe","14":"tag-fr","15":"tag-france","16":"tag-news","17":"tag-news-paris","18":"tag-paris","19":"tag-paris-news","20":"tag-republique-francaise"},"share_on_mastodon":{"url":"https:\/\/pubeurope.com\/@fr\/115782274455870948","error":""},"_links":{"self":[{"href":"https:\/\/www.europesays.com\/fr\/wp-json\/wp\/v2\/posts\/622175","targetHints":{"allow":["GET"]}}],"collection":[{"href":"https:\/\/www.europesays.com\/fr\/wp-json\/wp\/v2\/posts"}],"about":[{"href":"https:\/\/www.europesays.com\/fr\/wp-json\/wp\/v2\/types\/post"}],"author":[{"embeddable":true,"href":"https:\/\/www.europesays.com\/fr\/wp-json\/wp\/v2\/users\/2"}],"replies":[{"embeddable":true,"href":"https:\/\/www.europesays.com\/fr\/wp-json\/wp\/v2\/comments?post=622175"}],"version-history":[{"count":0,"href":"https:\/\/www.europesays.com\/fr\/wp-json\/wp\/v2\/posts\/622175\/revisions"}],"wp:featuredmedia":[{"embeddable":true,"href":"https:\/\/www.europesays.com\/fr\/wp-json\/wp\/v2\/media\/622176"}],"wp:attachment":[{"href":"https:\/\/www.europesays.com\/fr\/wp-json\/wp\/v2\/media?parent=622175"}],"wp:term":[{"taxonomy":"category","embeddable":true,"href":"https:\/\/www.europesays.com\/fr\/wp-json\/wp\/v2\/categories?post=622175"},{"taxonomy":"post_tag","embeddable":true,"href":"https:\/\/www.europesays.com\/fr\/wp-json\/wp\/v2\/tags?post=622175"}],"curies":[{"name":"wp","href":"https:\/\/api.w.org\/{rel}","templated":true}]}}