{"id":622179,"date":"2025-12-25T21:22:24","date_gmt":"2025-12-25T21:22:24","guid":{"rendered":"https:\/\/www.europesays.com\/fr\/622179\/"},"modified":"2025-12-25T21:22:24","modified_gmt":"2025-12-25T21:22:24","slug":"paris-cinq-policiers-blesses-apres-avoir-ete-pris-a-partie-par-une-trentaine-dindividus","status":"publish","type":"post","link":"https:\/\/www.europesays.com\/fr\/622179\/","title":{"rendered":"Paris : cinq policiers bless\u00e9s apr\u00e8s avoir \u00e9t\u00e9 pris a partie par une trentaine d&rsquo;individus"},"content":{"rendered":"<p class=\"p1\">Une intervention de police qui a mal tourn\u00e9. Alors que des policiers contr\u00f4laient un individu au comportement suspect sur la voie publique dans le XIXe arrondissement de <a href=\"https:\/\/www.valeursactuelles.com\/tag\/paris\" target=\"_blank\" rel=\"noopener\">Paris<\/a>, ces derniers ont \u00e9t\u00e9 pris \u00e0 parti et lynch\u00e9s par une trentaine de personnes, rapporte <a href=\"https:\/\/www.cnews.fr\/faits-divers\/2025-12-25\/paris-cinq-policiers-blesses-apres-avoir-ete-pris-partie-par-une-trentaine\" target=\"_blank\" rel=\"nofollow noopener\">CNews<\/a>.<\/p>\n<p><a href=\"https:\/\/www.valeursactuelles.com\/faits-divers\/linfluenceur-algerien-sous-oqtf-mahdi-b-interpelle-apres-avoir-insulte-des-policiers-dans-une-video\" class=\"h-flex h-align-items-center h-border-tb h-ptb-15\" target=\"_blank\" rel=\"noopener\">A\u00a0LIRE\u00a0L\u2019influenceur alg\u00e9rien sous OQTF Mahdi B. interpell\u00e9 apr\u00e8s avoir insult\u00e9 des policiers dans une vid\u00e9o<\/a><\/p>\n<p class=\"p1\">L\u2019homme s\u2019est rapidement rebell\u00e9, et a demand\u00e9 de l\u2019aide \u00e0 d\u2019autres individus. Les policiers ont alors \u00e9t\u00e9 la cible de jets de projectiles et de mortiers d\u2019artifice Cinq policiers ont \u00e9t\u00e9 l\u00e9g\u00e8rement bless\u00e9s.<\/p>\n<blockquote class=\"instagram-media\" style=\"background: #FFF; border: 0; border-radius: 3px; box-shadow: 0 0 1px 0 rgba(0,0,0,0.5),0 1px 10px 0 rgba(0,0,0,0.15); margin: 1px; max-width: 540px; min-width: 326px; padding: 0; width: calc(100% - 2px);\" data-instgrm-captioned=\"\" data-instgrm-permalink=\"https:\/\/www.instagram.com\/reel\/DSp8kdFDNMo\/?utm_source=ig_embed&amp;utm_campaign=loading\" data-instgrm-version=\"14\"\/><p><a href=\"https:\/\/www.valeursactuelles.com\/politique\/mairie-de-paris-ca-minteresse-beaucoup-juge-leurodeputee-reconquete-sarah-knafo\" class=\"h-flex h-align-items-center h-border-tb h-ptb-15\" target=\"_blank\" rel=\"noopener\">A\u00a0LIRE\u00a0Mairie de Paris : \u00ab \u00c7a m\u2019int\u00e9resse beaucoup \u00bb, admet l\u2019eurod\u00e9put\u00e9e Reconqu\u00eate Sarah Knafo<\/a>D\u00e9p\u00f4t de plainte<\/p>\n<p class=\"p1\">Trois personnes ont \u00e9t\u00e9 interpell\u00e9s puis plac\u00e9s en garde \u00e0 vue parmi la trentaine d\u2019individus qui se sont pris aux policiers. Un individu a \u00e9t\u00e9 interpell\u00e9 pour outrage tandis que les deux autres l\u2019ont \u00e9t\u00e9 pour participation \u00e0 un groupement en vue de commettre des violences et\/ou des d\u00e9gradations.<\/p>\n<p class=\"p1\">Lors de l\u2019intervention, les policiers ont fait usage des moyens de force interm\u00e9diaire \u00e0 savoir <a href=\"https:\/\/www.valeursactuelles.com\/tag\/lbd\" target=\"_blank\" rel=\"noopener\">un tir de L.B.D<\/a>. ainsi que du pistolet \u00e0 impulsion \u00e9lectrique \u00e0 une reprise.<\/p>\n<p class=\"p1\">L\u2019\u00e9tat de sant\u00e9 des policiers n\u2019a pas n\u00e9cessit\u00e9 de conduite en milieu hospitalier. Ils ont d\u00e9cid\u00e9 de d\u00e9poser plainte.<\/p>\n<p>                                                                    <script async src=\"\/\/www.instagram.com\/embed.js\"><\/script><\/p>\n","protected":false},"excerpt":{"rendered":"Une intervention de police qui a mal tourn\u00e9. Alors que des policiers contr\u00f4laient un individu au comportement suspect&hellip;\n","protected":false},"author":2,"featured_media":622180,"comment_status":"","ping_status":"","sticky":false,"template":"","format":"standard","meta":{"footnotes":""},"categories":[1888],"tags":[11,1120,1777,674,1011,27,12,626,1072,1931,25,2949],"class_list":{"0":"post-622179","1":"post","2":"type-post","3":"status-publish","4":"format-standard","5":"has-post-thumbnail","7":"category-paris","8":"tag-actualites","9":"tag-agression","10":"tag-eu","11":"tag-europe","12":"tag-fr","13":"tag-france","14":"tag-news","15":"tag-paris","16":"tag-police","17":"tag-prefecture-de-police-de-paris","18":"tag-republique-francaise","19":"tag-violences"},"share_on_mastodon":{"url":"https:\/\/pubeurope.com\/@fr\/115782309879780518","error":""},"_links":{"self":[{"href":"https:\/\/www.europesays.com\/fr\/wp-json\/wp\/v2\/posts\/622179","targetHints":{"allow":["GET"]}}],"collection":[{"href":"https:\/\/www.europesays.com\/fr\/wp-json\/wp\/v2\/posts"}],"about":[{"href":"https:\/\/www.europesays.com\/fr\/wp-json\/wp\/v2\/types\/post"}],"author":[{"embeddable":true,"href":"https:\/\/www.europesays.com\/fr\/wp-json\/wp\/v2\/users\/2"}],"replies":[{"embeddable":true,"href":"https:\/\/www.europesays.com\/fr\/wp-json\/wp\/v2\/comments?post=622179"}],"version-history":[{"count":0,"href":"https:\/\/www.europesays.com\/fr\/wp-json\/wp\/v2\/posts\/622179\/revisions"}],"wp:featuredmedia":[{"embeddable":true,"href":"https:\/\/www.europesays.com\/fr\/wp-json\/wp\/v2\/media\/622180"}],"wp:attachment":[{"href":"https:\/\/www.europesays.com\/fr\/wp-json\/wp\/v2\/media?parent=622179"}],"wp:term":[{"taxonomy":"category","embeddable":true,"href":"https:\/\/www.europesays.com\/fr\/wp-json\/wp\/v2\/categories?post=622179"},{"taxonomy":"post_tag","embeddable":true,"href":"https:\/\/www.europesays.com\/fr\/wp-json\/wp\/v2\/tags?post=622179"}],"curies":[{"name":"wp","href":"https:\/\/api.w.org\/{rel}","templated":true}]}}