{"id":62218,"date":"2025-04-29T16:29:08","date_gmt":"2025-04-29T16:29:08","guid":{"rendered":"https:\/\/www.europesays.com\/fr\/62218\/"},"modified":"2025-04-29T16:29:08","modified_gmt":"2025-04-29T16:29:08","slug":"un-drame-bouleversant-sur-la-douloureuse-mais-salvatrice-acceptation-de-soi","status":"publish","type":"post","link":"https:\/\/www.europesays.com\/fr\/62218\/","title":{"rendered":"un drame bouleversant sur la douloureuse mais salvatrice acceptation de soi"},"content":{"rendered":"<p>      <img fetchpriority=\"high\" decoding=\"async\" class=\"mx-auto\" src=\"data:image\/svg+xml,%3Csvg%20xmlns%3D%27http%3A%2F%2Fwww.w3.org%2F2000%2Fsvg%27%20fill%3D%22%23e4e4e4%22%20viewBox%3D%270%200%20510%20340%27%20width%3D%22510%22%20height%3D%22340%22%3E%3Cpath%20d%3D%27M0%200h510v340H0z%27%2F%3E%3C%2Fsvg%3E\"  loading=\"eager\" width=\"510\" height=\"340\" data-oncrawl-image-size=\"510x340\" alt=\"\u00ab\u00a0Les Fleurs du silence\u00a0\u00bb, un film de Will Seefried.\"\/>      <\/p>\n<p class=\"latino-100m text-grey-600\">\n            \u00ab\u00a0Les Fleurs du silence\u00a0\u00bb, un film de Will Seefried.\u00a0ASC DISTRIBUTION        <\/p>\n<p>    Lire\u00a0plus\u00a0tard  <\/p>\n<p><a aria-label=\"Nous suivre sur Google News\" href=\"https:\/\/news.google.com\/publications\/CAAqBwgKMJe4nQkw3dFs?hl=fr&amp;gl=FR&amp;ceid=FR%3Afr\" target=\"_blank\" data-piano=\"Page_Article,Sous_date_publi,Nous_suivre_sur_google_news,1er_clic,action\" class=\"btn btn--small btn--secondary\" rel=\"noopener\"><\/p>\n<p>      Google Actualit\u00e9s<br \/>\n  <\/a><\/p>\n<p>  Partager<\/p>\n<p>        Facebook<\/p>\n<p>        Bluesky<\/p>\n<p>        E-mail<\/p>\n<p>        Copier le lien<\/p>\n<p>      Envoyer<\/p>\n<p>    Temps de lecture\u00a0:\u00a01\u00a0min.<\/p>\n<p class=\"article__description latino-600m mb-20 mb-lg-30 \" data-oncrawl-chapo-length=\"119\">\n  \t  Critique\u00a0<br \/>\n    Drame par Will Seefried, avec Fionn O\u2019Shea, Robert Aramayo (Grande-Bretagne, 1h39). En salle le 30\u00a0avril \u2605\u2605\u2605\u2606\u2606<\/p>\n<p class=\"node__paragraphe antonia-750r text-grey-800 pb-20 pb-md-30\">\nDans l\u2019Angleterre du d\u00e9but du XXe\u00a0si\u00e8cle, un jeune homosexuel voit son meilleur ami entreprendre une effroyable th\u00e9rapie de conversion chirurgicale. Un drame bouleversant sur la douloureuse mais salvatrice acceptation de soi, film\u00e9 avec une belle \u00e9l\u00e9gance.<\/p>\n","protected":false},"excerpt":{"rendered":"\u00ab\u00a0Les Fleurs du silence\u00a0\u00bb, un film de Will Seefried.\u00a0ASC DISTRIBUTION Lire\u00a0plus\u00a0tard Google Actualit\u00e9s Partager Facebook Bluesky E-mail Copier&hellip;\n","protected":false},"author":2,"featured_media":62219,"comment_status":"","ping_status":"","sticky":false,"template":"","format":"standard","meta":{"footnotes":""},"categories":[1354],"tags":[17,15981,650,15979,251,58,15982,3348,59,1346,2574,1011,27,1360,15983,15980],"class_list":{"0":"post-62218","1":"post","2":"type-post","3":"status-publish","4":"format-standard","5":"has-post-thumbnail","7":"category-films","8":"tag-17","9":"tag-bouleversant","10":"tag-cinema","11":"tag-critiques-de-films","12":"tag-culture","13":"tag-divertissement","14":"tag-douloureuse","15":"tag-drame","16":"tag-entertainment","17":"tag-films","18":"tag-fleurs","19":"tag-fr","20":"tag-france","21":"tag-movies","22":"tag-salvatrice","23":"tag-silence"},"share_on_mastodon":{"url":"https:\/\/pubeurope.com\/@fr\/114422203406658024","error":""},"_links":{"self":[{"href":"https:\/\/www.europesays.com\/fr\/wp-json\/wp\/v2\/posts\/62218","targetHints":{"allow":["GET"]}}],"collection":[{"href":"https:\/\/www.europesays.com\/fr\/wp-json\/wp\/v2\/posts"}],"about":[{"href":"https:\/\/www.europesays.com\/fr\/wp-json\/wp\/v2\/types\/post"}],"author":[{"embeddable":true,"href":"https:\/\/www.europesays.com\/fr\/wp-json\/wp\/v2\/users\/2"}],"replies":[{"embeddable":true,"href":"https:\/\/www.europesays.com\/fr\/wp-json\/wp\/v2\/comments?post=62218"}],"version-history":[{"count":0,"href":"https:\/\/www.europesays.com\/fr\/wp-json\/wp\/v2\/posts\/62218\/revisions"}],"wp:featuredmedia":[{"embeddable":true,"href":"https:\/\/www.europesays.com\/fr\/wp-json\/wp\/v2\/media\/62219"}],"wp:attachment":[{"href":"https:\/\/www.europesays.com\/fr\/wp-json\/wp\/v2\/media?parent=62218"}],"wp:term":[{"taxonomy":"category","embeddable":true,"href":"https:\/\/www.europesays.com\/fr\/wp-json\/wp\/v2\/categories?post=62218"},{"taxonomy":"post_tag","embeddable":true,"href":"https:\/\/www.europesays.com\/fr\/wp-json\/wp\/v2\/tags?post=62218"}],"curies":[{"name":"wp","href":"https:\/\/api.w.org\/{rel}","templated":true}]}}