{"id":622181,"date":"2025-12-25T21:24:20","date_gmt":"2025-12-25T21:24:20","guid":{"rendered":"https:\/\/www.europesays.com\/fr\/622181\/"},"modified":"2025-12-25T21:24:20","modified_gmt":"2025-12-25T21:24:20","slug":"russie-un-militant-critique-de-poutine-condamne-a-six-ans-de-prison-en-colonie-penitentiaire","status":"publish","type":"post","link":"https:\/\/www.europesays.com\/fr\/622181\/","title":{"rendered":"Russie\u00a0: un militant critique de Poutine condamn\u00e9 \u00e0 six ans de prison en colonie p\u00e9nitentiaire"},"content":{"rendered":"<p>Dans son article, il soutenait un autre groupe d\u2019activistes russes qui ont \u00e9t\u00e9 accus\u00e9s de former une organisation terroriste par les services secrets russes. Ces activistes ont \u00e9t\u00e9 condamn\u00e9s en d\u00e9cembre par un tribunal militaire \u00e0 des peines de prison de 16 \u00e0 22 ans.\u00a0Peu avant le verdict, Sergei Udaltsov a d\u00e9clar\u00e9 qu\u2019il d\u00e9buterait une \u00ab\u00a0gr\u00e8ve de la faim jusqu\u2019\u00e0 la mort\u00a0\u00bb s\u2019il \u00e9tait condamn\u00e9. Apr\u00e8s le jugement, il aurait d\u00e9clar\u00e9, selon Meduza\u00a0: \u00ab\u00a0C\u2019est une d\u00e9cision honteuse. Tous ceux qui l\u2019ont prise devront en r\u00e9pondre, j\u2019esp\u00e8re.\u00a0\u00bb Son \u00e9pouse, Anastasia Udaltsova, est d\u00e9put\u00e9e \u00e0 la Douma d\u2019\u00c9tat pour le Parti Communiste et soutient l\u2019invasion russe de l\u2019Ukraine. Elle est toutefois consid\u00e9r\u00e9e comme une critique de Vladimir Poutine.<\/p>\n<p>Sergei Udaltsov \u00e9tait une figure majeure du mouvement d\u2019opposition au retour de Vladimir Poutine \u00e0 la pr\u00e9sidence russe, entre\u00a02011 et\u00a02013. Il avait d\u00e9j\u00e0 \u00e9t\u00e9 condamn\u00e9 en\u00a02014 \u00e0 quatre ans et demi de prison pour avoir organis\u00e9 des manifestations contre le pr\u00e9sident russe. Il avait \u00e9t\u00e9 lib\u00e9r\u00e9 en\u00a02017.<\/p>\n","protected":false},"excerpt":{"rendered":"Dans son article, il soutenait un autre groupe d\u2019activistes russes qui ont \u00e9t\u00e9 accus\u00e9s de former une organisation&hellip;\n","protected":false},"author":2,"featured_media":622182,"comment_status":"","ping_status":"","sticky":false,"template":"","format":"standard","meta":{"footnotes":""},"categories":[1591],"tags":[11,1887,12,1885,1886,132],"class_list":{"0":"post-622181","1":"post","2":"type-post","3":"status-publish","4":"format-standard","5":"has-post-thumbnail","7":"category-russie","8":"tag-actualites","9":"tag-federation-de-russie","10":"tag-news","11":"tag-russia","12":"tag-russian-federation","13":"tag-russie"},"share_on_mastodon":{"url":"https:\/\/pubeurope.com\/@fr\/115782317850023966","error":""},"_links":{"self":[{"href":"https:\/\/www.europesays.com\/fr\/wp-json\/wp\/v2\/posts\/622181","targetHints":{"allow":["GET"]}}],"collection":[{"href":"https:\/\/www.europesays.com\/fr\/wp-json\/wp\/v2\/posts"}],"about":[{"href":"https:\/\/www.europesays.com\/fr\/wp-json\/wp\/v2\/types\/post"}],"author":[{"embeddable":true,"href":"https:\/\/www.europesays.com\/fr\/wp-json\/wp\/v2\/users\/2"}],"replies":[{"embeddable":true,"href":"https:\/\/www.europesays.com\/fr\/wp-json\/wp\/v2\/comments?post=622181"}],"version-history":[{"count":0,"href":"https:\/\/www.europesays.com\/fr\/wp-json\/wp\/v2\/posts\/622181\/revisions"}],"wp:featuredmedia":[{"embeddable":true,"href":"https:\/\/www.europesays.com\/fr\/wp-json\/wp\/v2\/media\/622182"}],"wp:attachment":[{"href":"https:\/\/www.europesays.com\/fr\/wp-json\/wp\/v2\/media?parent=622181"}],"wp:term":[{"taxonomy":"category","embeddable":true,"href":"https:\/\/www.europesays.com\/fr\/wp-json\/wp\/v2\/categories?post=622181"},{"taxonomy":"post_tag","embeddable":true,"href":"https:\/\/www.europesays.com\/fr\/wp-json\/wp\/v2\/tags?post=622181"}],"curies":[{"name":"wp","href":"https:\/\/api.w.org\/{rel}","templated":true}]}}