{"id":622187,"date":"2025-12-25T21:28:13","date_gmt":"2025-12-25T21:28:13","guid":{"rendered":"https:\/\/www.europesays.com\/fr\/622187\/"},"modified":"2025-12-25T21:28:13","modified_gmt":"2025-12-25T21:28:13","slug":"la-tyrannie-prospere-accuse-jimmy-kimmel-a-la-television-britannique","status":"publish","type":"post","link":"https:\/\/www.europesays.com\/fr\/622187\/","title":{"rendered":"\u00ab\u00a0La tyrannie prosp\u00e8re\u00a0\u00bb, accuse Jimmy Kimmel \u00e0 la t\u00e9l\u00e9vision britannique"},"content":{"rendered":"<p>Cette ann\u00e9e, la cha\u00eene publique a choisi Jimmy Kimmel, une grande star des fameux \u00ab\u00a0late night shows\u00a0\u00bb, dont l\u2019\u00e9mission avait \u00e9t\u00e9 suspendue en septembre apr\u00e8s qu\u2019il avait accus\u00e9 la droite am\u00e9ricaine d\u2019exploiter politiquement l\u2019assassinat de l\u2019influenceur partisan de Donald Trump, Charlie Kirk. \u00ab\u00a0Honn\u00eatement, je crois que je n\u2019ai aucune id\u00e9e de ce qui se passe chez vous. En revanche, je sais ce qui se passe chez nous et je peux vous dire que, du point de vue du fascisme, \u00e7a a \u00e9t\u00e9 une tr\u00e8s bonne ann\u00e9e\u00a0\u00bb, a-t-il d\u00e9clar\u00e9 d\u00e8s l\u2019ouverture de son allocution.<\/p>\n<p>\u00ab\u00a0La tyrannie prosp\u00e8re ici\u00a0\u00bb, a-t-il rench\u00e9ri, avant de revenir en d\u00e9tail sur sa suspension. Face aux accusations de censure, il avait finalement retrouv\u00e9 le chemin du studio une semaine plus tard. \u00ab\u00a0Le fait qu\u2019un gouvernement r\u00e9duise ses d\u00e9tracteurs au silence est quelque chose qui se produit dans des pays comme la Russie, la Cor\u00e9e du Nord et \u00e0 Los Angeles mais pas au Royaume-Uni\u00a0\u00bb, a-t-il ironis\u00e9, avant de mettre en garde les Britanniques\u00a0: \u00ab\u00a0Tout va tr\u00e8s vite\u00a0\u00bb.<\/p>\n<p>\u00ab\u00a0Une p\u00e9riode difficile\u00a0\u00bb<\/p>\n","protected":false},"excerpt":{"rendered":"Cette ann\u00e9e, la cha\u00eene publique a choisi Jimmy Kimmel, une grande star des fameux \u00ab\u00a0late night shows\u00a0\u00bb, dont&hellip;\n","protected":false},"author":2,"featured_media":622188,"comment_status":"","ping_status":"","sticky":false,"template":"","format":"standard","meta":{"footnotes":""},"categories":[1588],"tags":[11,1777,674,12,473,1853,1851,1850,1852],"class_list":{"0":"post-622187","1":"post","2":"type-post","3":"status-publish","4":"format-standard","5":"has-post-thumbnail","7":"category-royaume-uni","8":"tag-actualites","9":"tag-eu","10":"tag-europe","11":"tag-news","12":"tag-royaume-uni","13":"tag-royaume-uni-de-grande-bretagne-et-dirlande-du-nord","14":"tag-uk","15":"tag-united-kingdom","16":"tag-united-kingdom-of-great-britain-and-northern-ireland"},"share_on_mastodon":{"url":"https:\/\/pubeurope.com\/@fr\/115782333650984053","error":""},"_links":{"self":[{"href":"https:\/\/www.europesays.com\/fr\/wp-json\/wp\/v2\/posts\/622187","targetHints":{"allow":["GET"]}}],"collection":[{"href":"https:\/\/www.europesays.com\/fr\/wp-json\/wp\/v2\/posts"}],"about":[{"href":"https:\/\/www.europesays.com\/fr\/wp-json\/wp\/v2\/types\/post"}],"author":[{"embeddable":true,"href":"https:\/\/www.europesays.com\/fr\/wp-json\/wp\/v2\/users\/2"}],"replies":[{"embeddable":true,"href":"https:\/\/www.europesays.com\/fr\/wp-json\/wp\/v2\/comments?post=622187"}],"version-history":[{"count":0,"href":"https:\/\/www.europesays.com\/fr\/wp-json\/wp\/v2\/posts\/622187\/revisions"}],"wp:featuredmedia":[{"embeddable":true,"href":"https:\/\/www.europesays.com\/fr\/wp-json\/wp\/v2\/media\/622188"}],"wp:attachment":[{"href":"https:\/\/www.europesays.com\/fr\/wp-json\/wp\/v2\/media?parent=622187"}],"wp:term":[{"taxonomy":"category","embeddable":true,"href":"https:\/\/www.europesays.com\/fr\/wp-json\/wp\/v2\/categories?post=622187"},{"taxonomy":"post_tag","embeddable":true,"href":"https:\/\/www.europesays.com\/fr\/wp-json\/wp\/v2\/tags?post=622187"}],"curies":[{"name":"wp","href":"https:\/\/api.w.org\/{rel}","templated":true}]}}