{"id":62220,"date":"2025-04-29T16:30:09","date_gmt":"2025-04-29T16:30:09","guid":{"rendered":"https:\/\/www.europesays.com\/fr\/62220\/"},"modified":"2025-04-29T16:30:09","modified_gmt":"2025-04-29T16:30:09","slug":"cette-maladie-transmise-par-les-moustiques-et-qui-pourrait-provoquer-une-nouvelle-pandemie-inquiete-les-experts","status":"publish","type":"post","link":"https:\/\/www.europesays.com\/fr\/62220\/","title":{"rendered":"cette maladie transmise par les moustiques et qui pourrait provoquer une nouvelle pand\u00e9mie inqui\u00e8te les experts"},"content":{"rendered":"<p>Avec les beaux jours, les moustiques sont de retour. En plus de perturber les soir\u00e9es d&rsquo;\u00e9t\u00e9 avec leurs piq\u00fbres intempestives, ces petits insectes peuvent v\u00e9hiculer certaines maladies. C&rsquo;est par exemple le cas de la fi\u00e8vre jaune qui est une maladie virale aigu\u00eb transmissible de l\u2019animal \u00e0 l\u2019Homme et d\u2019Homme \u00e0 Homme par divers moustiques du genre Aedes. \u00ab\u00a0Les moustiques jouent le r\u00f4le de vecteur et de r\u00e9servoir gr\u00e2ce \u00e0 leur capacit\u00e9 de transmission du virus \u00e0 leur descendance\u00a0\u00bb, d\u00e9taille <a data-i13n=\"cpos:1;pos:1\" href=\"https:\/\/sante.gouv.fr\/soins-et-maladies\/maladies\/maladies-vectorielles-et-zoonoses\/la-fievre-jaune\" rel=\"nofollow noopener\" target=\"_blank\" data-ylk=\"slk:le ministre de la Sant\u00e9;cpos:1;pos:1;elm:context_link;itc:0;sec:content-canvas\" class=\"link \">le ministre de la Sant\u00e9<\/a>.<\/p>\n<p><strong>LIRE AUSSI &gt;&gt; <\/strong><a data-i13n=\"cpos:2;pos:1\" href=\"https:\/\/fr.news.yahoo.com\/moustique-tigre-voici-les-gestes-importants-a-adopter-pour-s-en-premunir-selon-sante-publique-france-094706282.html\" data-ylk=\"slk:Moustique tigre : voici les gestes importants \u00e0 adopter pour s&#039;en pr\u00e9munir, selon Sant\u00e9 Publique France;cpos:2;pos:1;elm:context_link;itc:0;sec:content-canvas;outcm:mb_qualified_link;_E:mb_qualified_link;ct:story;\" class=\"link  yahoo-link\" target=\"_blank\" rel=\"noopener\">Moustique tigre : voici les gestes importants \u00e0 adopter pour s&rsquo;en pr\u00e9munir, selon Sant\u00e9 Publique France<\/a><\/p>\n<p><a data-i13n=\"cpos:3;pos:1\" href=\"https:\/\/www.thesun.co.uk\/health\/34690331\/yellowfevermosquitopandemic\/\" rel=\"nofollow noopener\" target=\"_blank\" data-ylk=\"slk:The Sun;cpos:3;pos:1;elm:context_link;itc:0;sec:content-canvas\" class=\"link \">The Sun<\/a> met en garde sur la fi\u00e8vre jaune qui pourrait provoquer une pand\u00e9mie. Cette maladie peut entra\u00eener \u00ab\u00a0des h\u00e9morragies internes, une insuffisance h\u00e9patique et une jaunisse (jaunissement de la peau et des yeux), qui donne son nom \u00e0 la maladie\u00a0\u00bb. Le site internet pr\u00e9cise \u00e9galement que la fi\u00e8vre jaune peut causer \u00ab\u00a0une d\u00e9faillance de plusieurs organes, notamment des reins et du c\u0153ur, et peut \u00eatre mortelle sans traitement appropri\u00e9\u00a0\u00bb. Chaque ann\u00e9e, environ 200 000 personnes sont infect\u00e9es par la maladie d&rsquo;apr\u00e8s les chiffres de l&rsquo;Organisation mondiale de la Sant\u00e9.<\/p>\n<p>La crainte d&rsquo;une \u00e9pid\u00e9mie<\/p>\n<p>Comme l&rsquo;explique l&rsquo;Institut Pasteur, les cas pourraient se multiplier consid\u00e9rablement ces prochaines ann\u00e9es : \u00ab\u00a0Le r\u00e9chauffement de la plan\u00e8te pourrait acc\u00e9l\u00e9rer l\u2019implantation de moustiques capables de transmettre ces maladies dans l\u2019h\u00e9misph\u00e8re nord, o\u00f9 l\u2019expansion y est d\u00e9j\u00e0 favoris\u00e9e par les \u00e9changes commerciaux\u00a0\u00bb.<\/p>\n<p><strong>LIRE AUSSI &gt;&gt;<\/strong> <a data-i13n=\"cpos:4;pos:1\" href=\"https:\/\/fr.news.yahoo.com\/il-pense-souffrir-de-la-dengue-il-est-en-realite-atteint-dune-maladie-cerebrale-potentiellement-mortelle-150041490.html\" data-ylk=\"slk:Il pense souffrir de la dengue, il est en r\u00e9alit\u00e9 atteint d\u2019une maladie c\u00e9r\u00e9brale potentiellement mortelle;cpos:4;pos:1;elm:context_link;itc:0;sec:content-canvas;outcm:mb_qualified_link;_E:mb_qualified_link;ct:story;\" class=\"link  yahoo-link\" target=\"_blank\" rel=\"noopener\">Il pense souffrir de la dengue, il est en r\u00e9alit\u00e9 atteint d\u2019une maladie c\u00e9r\u00e9brale potentiellement mortelle<\/a><\/p>\n<p>D&rsquo;apr\u00e8s un article publi\u00e9 dans la revue scientifique Nature, un groupe international de chercheurs a averti que m\u00eame si la fi\u00e8vre jaune ne s&rsquo;est pas encore propag\u00e9e dans la r\u00e9gion Asie-Pacifique, le risque est plus \u00e9lev\u00e9 que jamais. En 1923, l\u2019\u00e9pid\u00e9miologiste H.R. Carter s&rsquo;\u00e9tait d\u00e9j\u00e0 inqui\u00e9t\u00e9 de cette possible propagation de la fi\u00e8vre jaune. \u00ab\u00a0La crainte que le virus se propage \u00e0 la r\u00e9gion Asie-Pacifique, que Carter a soulev\u00e9e il y a 100 ans, reste d&rsquo;actualit\u00e9 aujourd&rsquo;hui. Nous pensons que la probabilit\u00e9 d\u2019une telle catastrophe pourrait \u00eatre encore plus \u00e9lev\u00e9e aujourd\u2019hui qu\u2019elle ne l\u2019\u00e9tait \u00e0 l\u2019\u00e9poque de Carter\u00a0\u00bb, notent les auteurs de cette \u00e9tude.<\/p>\n<p>La vaccination en pr\u00e9vention<\/p>\n<p>Pour expliquer cette augmentation des cas, les scientifiques mettent en cause l&rsquo;augmentation des voyages internationaux. En 2019, plus de quatre milliards de personnes ont pris l\u2019avion, dont beaucoup entre des zones o\u00f9 ce virus est courant et des endroits o\u00f9 les moustiques peuvent le propager. \u00ab\u00a0Si la fi\u00e8vre jaune atteint une nouvelle zone du monde, elle pourrait ensuite se propager rapidement\u00a0\u00bb, mettent en garde les auteurs. Avant de compl\u00e9ter : \u00ab\u00a0Une pand\u00e9mie de fi\u00e8vre jaune dans le monde d\u2019aujourd\u2019hui provoquerait une crise de sant\u00e9 publique d\u00e9vastatrice qui, en raison de sa l\u00e9talit\u00e9 beaucoup plus \u00e9lev\u00e9e, ferait p\u00e2lir la pand\u00e9mie de Covid-19 en comparaison\u00a0\u00bb.<\/p>\n<p><strong>LIRE AUSSI &gt;&gt; <\/strong><a data-i13n=\"cpos:5;pos:1\" href=\"https:\/\/fr.news.yahoo.com\/depuis-50-ans-les-vaccins-sauvent-chaque-minute-six-vies-093206534.html\" data-ylk=\"slk:Depuis 50 ans, les vaccins sauvent chaque minute\u2026. six vies;cpos:5;pos:1;elm:context_link;itc:0;sec:content-canvas;outcm:mb_qualified_link;_E:mb_qualified_link;ct:story;\" class=\"link  yahoo-link\" target=\"_blank\" rel=\"noopener\">Depuis 50 ans, les vaccins sauvent chaque minute\u2026. six vies<\/a><\/p>\n<p>Actuellement, la vaccination repr\u00e9sente la principale mesure de pr\u00e9vention contre la fi\u00e8vre jaune. Avec une seule dose, il conf\u00e8re en 30 jours une protection immunitaire efficace \u00e0 99 % des sujets vaccin\u00e9s. Cette vaccination contre la fi\u00e8vre jaune est effectu\u00e9e dans des centres de vaccination habilit\u00e9s.<\/p>\n","protected":false},"excerpt":{"rendered":"Avec les beaux jours, les moustiques sont de retour. En plus de perturber les soir\u00e9es d&rsquo;\u00e9t\u00e9 avec leurs&hellip;\n","protected":false},"author":2,"featured_media":62221,"comment_status":"","ping_status":"","sticky":false,"template":"","format":"standard","meta":{"footnotes":""},"categories":[10],"tags":[15984,1011,27,72,487,2778,6971,15985,71],"class_list":{"0":"post-62220","1":"post","2":"type-post","3":"status-publish","4":"format-standard","5":"has-post-thumbnail","7":"category-sante","8":"tag-fievre-jaune","9":"tag-fr","10":"tag-france","11":"tag-health","12":"tag-lorganisation-mondiale-de-la-sante","13":"tag-maladies","14":"tag-ministre-de-la-sante","15":"tag-moustiques","16":"tag-sante"},"share_on_mastodon":{"url":"https:\/\/pubeurope.com\/@fr\/114422207226411345","error":""},"_links":{"self":[{"href":"https:\/\/www.europesays.com\/fr\/wp-json\/wp\/v2\/posts\/62220","targetHints":{"allow":["GET"]}}],"collection":[{"href":"https:\/\/www.europesays.com\/fr\/wp-json\/wp\/v2\/posts"}],"about":[{"href":"https:\/\/www.europesays.com\/fr\/wp-json\/wp\/v2\/types\/post"}],"author":[{"embeddable":true,"href":"https:\/\/www.europesays.com\/fr\/wp-json\/wp\/v2\/users\/2"}],"replies":[{"embeddable":true,"href":"https:\/\/www.europesays.com\/fr\/wp-json\/wp\/v2\/comments?post=62220"}],"version-history":[{"count":0,"href":"https:\/\/www.europesays.com\/fr\/wp-json\/wp\/v2\/posts\/62220\/revisions"}],"wp:featuredmedia":[{"embeddable":true,"href":"https:\/\/www.europesays.com\/fr\/wp-json\/wp\/v2\/media\/62221"}],"wp:attachment":[{"href":"https:\/\/www.europesays.com\/fr\/wp-json\/wp\/v2\/media?parent=62220"}],"wp:term":[{"taxonomy":"category","embeddable":true,"href":"https:\/\/www.europesays.com\/fr\/wp-json\/wp\/v2\/categories?post=62220"},{"taxonomy":"post_tag","embeddable":true,"href":"https:\/\/www.europesays.com\/fr\/wp-json\/wp\/v2\/tags?post=62220"}],"curies":[{"name":"wp","href":"https:\/\/api.w.org\/{rel}","templated":true}]}}