{"id":622201,"date":"2025-12-25T21:40:19","date_gmt":"2025-12-25T21:40:19","guid":{"rendered":"https:\/\/www.europesays.com\/fr\/622201\/"},"modified":"2025-12-25T21:40:19","modified_gmt":"2025-12-25T21:40:19","slug":"top-14-toulon-de-retour-sur-terre-le-bon-moment-pour-y-faire-un-coup-pour-lusap","status":"publish","type":"post","link":"https:\/\/www.europesays.com\/fr\/622201\/","title":{"rendered":"Top 14 \u2013 Toulon de retour sur terre, le bon moment pour y faire un coup pour l&rsquo;USAP"},"content":{"rendered":"<p>\n                                                                Humili\u00e9s \u00e0 Bordeaux dimanche soir en prime time du Canal +\u00a0(46-7), les joueurs du RC Toulon n\u2019ont pas pr\u00e9par\u00e9 au mieux la r\u00e9ception de la lanterne rouge du Top 14 ce dimanche \u00e0 Mayol (18\u00a0h). Les Varois, onzi\u00e8me d\u00e9fense (USAP, 9e) n\u2019affichent plus les m\u00eames garanties qu\u2019en d\u00e9but de saison. De l\u00e0 \u00e0 imaginer les Catalans revenir avec une victoire de Mayol, o\u00f9 ils n\u2019ont plus gagn\u00e9 depuis 2009\u00a0?\n                            <\/p>\n<p>Il est clair que les joueurs du RC Toulonnais n\u2019ont pas pass\u00e9 le plus merveilleux de No\u00ebl. Revenus caboss\u00e9s du terrain de jeu de l\u2019UBB, ils ont pris un gros coup sur la t\u00eate face \u00e0 des concurrents directs au Top 2. Un sixi\u00e8me revers cons\u00e9cutif en d\u00e9placement qui voit les Varois ne poss\u00e9der que deux petits points d\u2019avance sur le 6\u1d49 et dernier qualifiable Montpellier. Entre sa conqu\u00eate, son jeu \u00e0 la main d\u2019une rare impr\u00e9cision et son jeu au pied d\u00e9faillant, les points noirs sont nombreux, sans occulter les performances individuelles plus que m\u00e9diocres du centre Ma\u2019Nonu, du demi de m\u00eal\u00e9e Baptiste Serin et de l\u2019ailier Setariki Tuicuvu. \u00ab\u00a0Je suis d\u00e9sol\u00e9. Toulon ne m\u00e9rite pas cette image. Ce n\u2019est pas possible. On va voir ce que je vais d\u00e9cider parce que l\u00e0, ce n\u2019est pas acceptable\u00a0\u00bb, a l\u00e2ch\u00e9, agac\u00e9 le manager Pierre Mignoni dimanche soir apr\u00e8s avoir d\u00e9clar\u00e9. \u00ab\u00a0Je ne sais pas quoi dire, je ne pr\u00e9f\u00e8re pas parler \u00e0 chaud. Quand tu as des ambitions et que tu sors un match comme \u00e7a\u2026\u00a0\u00bb<\/p>\n<p>Rappelons que le RCT \u00e9tait fortement diminu\u00e9 avant le coup d\u2019envoi avec plus de dix absents majeurs, dont Melvyn Jaminet, David Ribbans, Jean-Baptiste Gros, Beka Gigashvili, Lewis Ludlam, ou encore Gabin Villi\u00e8re. Le pilier du XV de France, Jean-Baptiste Gros, victime d\u2019une d\u00e9chirure \u00e0 un ischio manquera la r\u00e9ception de l\u2019USAP dimanche. Avec 348 points encaiss\u00e9s, Toulon ne poss\u00e8de que la onzi\u00e8me d\u00e9fense du Top 14, quand les Catalans sont neuvi\u00e8mes (342). Mais les rouge et noir \u2013 sont avec le Stade Toulousain \u2013 ce qui se fait de mieux cette saison \u00e0 domicile avec 29 points pris sur les 6 r\u00e9ceptions (40 points marqu\u00e9s en moyenne et 18 encaiss\u00e9s).<\/p>\n<p>Souviens-toi David M\u00e9l\u00e9<\/p>\n<p>Pierre Mignoni esp\u00e8re que l\u2019efficacit\u00e9 des siens \u00e0 Mayol cette saison leur permettra de rattraper le coup face \u00e0 une formation de l\u2019USAP qui se d\u00e9placera sans pression, si ce n\u2019est celle de confirmer leur performance face \u00e0 l\u2019ASM samedi dernier (26-20) \u00e0 Perpignan. Laurent Labit le sait certainement, mais l\u2019USAP n\u2019a plus gagn\u00e9 sur les bords de la Rade depuis\u2026 2009 et le 32-29 ramen\u00e9 avec ce drop de 40 m\u00e8tres de David M\u00e9l\u00e9 \u00e0 l\u2019ultime seconde de la rencontre. Depuis\u00a0? Ce sont souvent des racl\u00e9es qui ont accompagn\u00e9 les joueurs du pr\u00e9sident Rivi\u00e8re \u00e0 l\u2019image du 40-19 de 2025, du 44-22 de 2024 et du 37-15 de 2023. Le nouvel encadrement usapiste est pr\u00e9venu et il mettra d\u00e8s ce vendredi matin (jour de reprise apr\u00e8s 5 jours de vacances) ses joueurs en garde.<\/p>\n<p>Dimanche, Toulon a encore vu deux joueurs et non des moindres rejoindre son infirmerie avec le deuxi\u00e8me ligne Swan Rebbadj (genou) et le pilier gauche Dany Priso (protocole).<\/p>\n<p>Dans l\u2019autre sens, l\u2019ouvreur international argentin, Tomas Albornoz (28 ans) \u2013 qui a sign\u00e9 un contrat jusqu\u2019en 2030 \u2013 vient de quitter Tr\u00e9vise. Il a effectu\u00e9 son premier entra\u00eenement avec ses nouveaux co\u00e9quipiers ce mardi. Un adversaire contre lequel l\u2019USAP vient justement de jouer, puisqu\u2019Albornoz a \u00e9volu\u00e9 avec Tr\u00e9vise le 13\u00a0d\u00e9cembre dernier \u00e0 l\u2019occasion de la victoire du Benetton 44-31 contre les Catalans. Mat\u00e9o Garcia vient d\u2019encha\u00eener quatre titularisations \u00e0 l\u2019ouverture, apr\u00e8s celle de Paolo Garbisi contre le LOU et celle de Marius Domon \u00e0 Toulouse. Mignoni lancera-t-il son ouvreur argentin dimanche\u00a0? Garbisi que Tr\u00e9vise souhaite r\u00e9cup\u00e9rer avec effet imm\u00e9diat fait toujours partie de l\u2019effectif varois. L\u2019arri\u00e8re Marius Domon et l\u2019ailier international Gabin Villi\u00e8re feront leur rentr\u00e9e dimanche apr\u00e8s avoir re\u00e7u le feu vert m\u00e9dical la semaine derni\u00e8re.<\/p>\n<p>Toulon vient de prendre une claque, mais ce n\u2019est pas le genre de la maison de tendre l\u2019autre joue. Alors dimanche, soit l\u2019USAP paie le prix fort la r\u00e9volte varoise, soit elle enfonce le clou et gagne enfin \u00e0 l\u2019ext\u00e9rieur, ce qu\u2019elle a \u00e9t\u00e9 incapable de r\u00e9aliser la saison derni\u00e8re en Top 14 (1 nul \u00e0 Vannes) et depuis l\u2019ouverture de la saison 2025-2026 (6 d\u00e9faites).<\/p>\n","protected":false},"excerpt":{"rendered":"Humili\u00e9s \u00e0 Bordeaux dimanche soir en prime time du Canal +\u00a0(46-7), les joueurs du RC Toulon n\u2019ont pas&hellip;\n","protected":false},"author":2,"featured_media":622202,"comment_status":"","ping_status":"","sticky":false,"template":"","format":"standard","meta":{"footnotes":""},"categories":[1416],"tags":[1011,27,3464,11548,479,1468,517,60],"class_list":{"0":"post-622201","1":"post","2":"type-post","3":"status-publish","4":"format-standard","5":"has-post-thumbnail","7":"category-rugby","8":"tag-fr","9":"tag-france","10":"tag-perpignan","11":"tag-pyrenees-orientales","12":"tag-rugby","13":"tag-rugby-football","14":"tag-sport","15":"tag-sports"},"share_on_mastodon":{"url":"https:\/\/pubeurope.com\/@fr\/115782381475845227","error":""},"_links":{"self":[{"href":"https:\/\/www.europesays.com\/fr\/wp-json\/wp\/v2\/posts\/622201","targetHints":{"allow":["GET"]}}],"collection":[{"href":"https:\/\/www.europesays.com\/fr\/wp-json\/wp\/v2\/posts"}],"about":[{"href":"https:\/\/www.europesays.com\/fr\/wp-json\/wp\/v2\/types\/post"}],"author":[{"embeddable":true,"href":"https:\/\/www.europesays.com\/fr\/wp-json\/wp\/v2\/users\/2"}],"replies":[{"embeddable":true,"href":"https:\/\/www.europesays.com\/fr\/wp-json\/wp\/v2\/comments?post=622201"}],"version-history":[{"count":0,"href":"https:\/\/www.europesays.com\/fr\/wp-json\/wp\/v2\/posts\/622201\/revisions"}],"wp:featuredmedia":[{"embeddable":true,"href":"https:\/\/www.europesays.com\/fr\/wp-json\/wp\/v2\/media\/622202"}],"wp:attachment":[{"href":"https:\/\/www.europesays.com\/fr\/wp-json\/wp\/v2\/media?parent=622201"}],"wp:term":[{"taxonomy":"category","embeddable":true,"href":"https:\/\/www.europesays.com\/fr\/wp-json\/wp\/v2\/categories?post=622201"},{"taxonomy":"post_tag","embeddable":true,"href":"https:\/\/www.europesays.com\/fr\/wp-json\/wp\/v2\/tags?post=622201"}],"curies":[{"name":"wp","href":"https:\/\/api.w.org\/{rel}","templated":true}]}}