{"id":622208,"date":"2025-12-25T21:47:11","date_gmt":"2025-12-25T21:47:11","guid":{"rendered":"https:\/\/www.europesays.com\/fr\/622208\/"},"modified":"2025-12-25T21:47:11","modified_gmt":"2025-12-25T21:47:11","slug":"exclu-aurore-berge-ses-confessions-sur-sa-famille-recomposee-je-naime-pas-beaucoup-ce-mot","status":"publish","type":"post","link":"https:\/\/www.europesays.com\/fr\/622208\/","title":{"rendered":"EXCLU. Aurore Berg\u00e9 : ses confessions sur sa famille recompos\u00e9e, \u00ab\u00a0Je n&rsquo;aime pas beaucoup ce mot&#8230;\u00a0\u00bb"},"content":{"rendered":"<p>Elle a \u00e9t\u00e9 d\u00e9put\u00e9e, conseill\u00e8re r\u00e9gionale d&rsquo;\u00cele-de-France,<br \/>\nporte-parole du gouvernement puis ministre charg\u00e9e de l\u2019Egalit\u00e9<br \/>\nentre les femmes et les hommes la Lutte contre les discriminations,<br \/>\nmais elle est aussi et surtout maman. En octobre 2022,<br \/>\n<strong>Aurore Berg\u00e9<\/strong> a <a href=\"https:\/\/www.closermag.fr\/politique\/aurore-berge-maman-pour-la-premiere-fois-elle-revele-le-sexe-et-le-prenom-du-bebe-1663828\" target=\"_blank\" rel=\"noopener\"><br \/>\ndonn\u00e9 naissance a une petite Victoire<\/a>, sa premi\u00e8re fille avec<br \/>\nle <a href=\"https:\/\/www.closermag.fr\/politique\/aurore-berge-qui-est-gregory-besson-moreau-son-compagnon-et-pere-de-sa-petite-fille-victoire-3240672\" target=\"_blank\" rel=\"noopener\"><br \/>\nd\u00e9put\u00e9 Gr\u00e9gory Besson-Moreau<\/a>. Elle forme aujourd\u2019hui<br \/>\n<strong>une famille recompos\u00e9e avec ce dernier<\/strong>, qui avait<br \/>\nd\u00e9j\u00e0 deux filles n\u00e9es d\u2019une pr\u00e9c\u00e9dente union.<\/p>\n<p>Dans un entretien au magazine Closer, la ministre de 39<br \/>\nans s\u2019est livr\u00e9e sur cette famille recompos\u00e9e. Malgr\u00e9 l\u2019absence de<br \/>\nlien du sang avec les deux premi\u00e8res filles de son \u00e9poux, elle<br \/>\nexplique <strong>jouer un grand r\u00f4le dans leur \u00e9ducation.<\/strong><br \/>\n\u00ab\u00a0Je n\u2019aime pas beaucoup le mot \u2018belles-filles\u2019\u00a0\u00bb,<br \/>\nconfie-t-elle. \u00ab\u00a0Avec mon mari, on forme une famille recompos\u00e9e,<br \/>\ncomme des millions d\u2019autres, et <strong>je participe \u00e0 les \u00e9lever.<br \/>\nOn parle, on d\u00e9bat.\u00a0\u00bb<\/strong><\/p>\n<p>Aurore Berg\u00e9\u00a0: ce choix non-n\u00e9gociable qu\u2019elle fait pour<br \/>\nses belles-filles<\/p>\n<p>L\u2019\u00e9ducation des deux fillettes, \u00e2g\u00e9es de 10 et 8 ans, passe<br \/>\nnotamment par des d\u00e9cisions difficiles. Avec son \u00e9poux, <strong>la<br \/>\nministre leur interdit d\u2019avoir un t\u00e9l\u00e9phone portable<\/strong>, elle<br \/>\nqui se dit favorable \u00e0 l\u2019interdiction des r\u00e9seaux sociaux avant 16<br \/>\nans. \u00ab\u00a0Elles voient que d\u2019autres ont des smartphones et ne<br \/>\ncomprennent pas pourquoi elles n\u2019y ont pas droit. <strong>On leur<br \/>\nexplique que ce n\u2019est pas \u2018contre elles\u2019, mais pour les<br \/>\nprot\u00e9ger.\u00a0\u00bb<\/strong><\/p>\n<p>Et il n\u2019y a pas qu\u2019\u00e0 la maison qu\u2019Aurore Berg\u00e9 se bat pour faire<br \/>\ndispara\u00eetre les r\u00e9seaux sociaux du quotidien des adolescents. Dans<br \/>\nles colonnes de Closer, elle explique avoir fait sa<br \/>\nmission de prot\u00e9ger les jeunes d\u2019internet. \u00ab\u00a0Nos adolescents<br \/>\npassent parfois plus de temps sur TikTok qu\u2019avec nous, c\u2019est devenu<br \/>\nle livre de chevet\u00a0\u00bb, d\u00e9nonce-t-elle. \u00ab\u00a0Ils sont abreuv\u00e9s de<br \/>\ndiscours de haine, sexistes, racistes, antis\u00e9mites. <strong>Les<br \/>\nprot\u00e9ger des r\u00e9seaux sociaux, c\u2019est le combat du si\u00e8cle.<\/strong><br \/>\nOn doit le gagner maintenant.\u00a0\u00bb<\/p>\n<p>Aurore Berg\u00e9\u00a0: \u00ab\u00a0Quel parent ne<br \/>\ncraint jamais pour son enfant\u00a0?\u00a0\u00bb<\/p>\n<p>\u00c0 travers ce combat, la ministre esp\u00e8re aller vers un monde plus<br \/>\ns\u00fbr, pour ses belles-filles comme pour sa fille. \u00ab\u00a0Quel parent<br \/>\nne craint jamais pour son enfant\u00a0? <strong>Victoire a 3 ans,<br \/>\nje ne veux pas lui apprendre \u00e0 avoir peur ou \u00e0 \u00eatre<br \/>\nprudente.<\/strong> Je veux qu\u2019on apprenne \u00e0 nos enfants, filles et<br \/>\ngar\u00e7ons, \u00e0 se respecter. \u00c0 une adolescente, on dit spontan\u00e9ment<br \/>\n\u2018sois prudente, fais attention, regarde autour de toi.\u2019 Je ne veux<br \/>\nplus qu\u2019on ait besoin de le leur dire\u00a0\u00bb, conclut-elle.<\/p>\n<p>COMMENT ACHETER CLOSER ? Votre magazine est en vente \u00e0 partir du<br \/>\nvendredi 26 d\u00e9cembre 2025 chez votre marchand de journaux, sur<br \/>\nAndroid, iPad et sur KiosqueMag.<\/p>\n","protected":false},"excerpt":{"rendered":"Elle a \u00e9t\u00e9 d\u00e9put\u00e9e, conseill\u00e8re r\u00e9gionale d&rsquo;\u00cele-de-France, porte-parole du gouvernement puis ministre charg\u00e9e de l\u2019Egalit\u00e9 entre les femmes&hellip;\n","protected":false},"author":2,"featured_media":622209,"comment_status":"","ping_status":"","sticky":false,"template":"","format":"standard","meta":{"footnotes":""},"categories":[1359],"tags":[9573,21303,58,59,1011,27,70426,973,65861],"class_list":{"0":"post-622208","1":"post","2":"type-post","3":"status-publish","4":"format-standard","5":"has-post-thumbnail","7":"category-people","8":"tag-aurore-berge","9":"tag-buzz_nonli","10":"tag-divertissement","11":"tag-entertainment","12":"tag-fr","13":"tag-france","14":"tag-marfeel_news","15":"tag-people","16":"tag-trend"},"share_on_mastodon":{"url":"https:\/\/pubeurope.com\/@fr\/115782408194362711","error":""},"_links":{"self":[{"href":"https:\/\/www.europesays.com\/fr\/wp-json\/wp\/v2\/posts\/622208","targetHints":{"allow":["GET"]}}],"collection":[{"href":"https:\/\/www.europesays.com\/fr\/wp-json\/wp\/v2\/posts"}],"about":[{"href":"https:\/\/www.europesays.com\/fr\/wp-json\/wp\/v2\/types\/post"}],"author":[{"embeddable":true,"href":"https:\/\/www.europesays.com\/fr\/wp-json\/wp\/v2\/users\/2"}],"replies":[{"embeddable":true,"href":"https:\/\/www.europesays.com\/fr\/wp-json\/wp\/v2\/comments?post=622208"}],"version-history":[{"count":0,"href":"https:\/\/www.europesays.com\/fr\/wp-json\/wp\/v2\/posts\/622208\/revisions"}],"wp:featuredmedia":[{"embeddable":true,"href":"https:\/\/www.europesays.com\/fr\/wp-json\/wp\/v2\/media\/622209"}],"wp:attachment":[{"href":"https:\/\/www.europesays.com\/fr\/wp-json\/wp\/v2\/media?parent=622208"}],"wp:term":[{"taxonomy":"category","embeddable":true,"href":"https:\/\/www.europesays.com\/fr\/wp-json\/wp\/v2\/categories?post=622208"},{"taxonomy":"post_tag","embeddable":true,"href":"https:\/\/www.europesays.com\/fr\/wp-json\/wp\/v2\/tags?post=622208"}],"curies":[{"name":"wp","href":"https:\/\/api.w.org\/{rel}","templated":true}]}}