{"id":622210,"date":"2025-12-25T21:48:12","date_gmt":"2025-12-25T21:48:12","guid":{"rendered":"https:\/\/www.europesays.com\/fr\/622210\/"},"modified":"2025-12-25T21:48:12","modified_gmt":"2025-12-25T21:48:12","slug":"les-remparts-en-surimpression-au-bar-le-110-a-angouleme","status":"publish","type":"post","link":"https:\/\/www.europesays.com\/fr\/622210\/","title":{"rendered":"Les Remparts en surimpression au bar Le 110, \u00e0 Angoul\u00eame"},"content":{"rendered":"<p>    Les Remparts en surimpression au bar Le 110, \u00e0 Angoul\u00eame &#8211; Charente Libre.fr<\/p>\n<p>\n            Newsletter<\/p>\n<p>            <strong>Recevez tous les jours l\u2019essentiel de l&rsquo;actualit\u00e9 avec la newsletter CharenteLibre.fr.<\/strong><br \/>\n            <a href=\"#\">Voir un exemple<\/a><\/p>\n<p>\n            Envoyer par email<\/p>\n<p>\n            <strong>Cet article vous int\u00e9resse, partagez-le avec vos amis.<\/strong>\n        <\/p>\n","protected":false},"excerpt":{"rendered":"Les Remparts en surimpression au bar Le 110, \u00e0 Angoul\u00eame &#8211; Charente Libre.fr Newsletter Recevez tous les jours&hellip;\n","protected":false},"author":2,"featured_media":622211,"comment_status":"","ping_status":"","sticky":false,"template":"","format":"standard","meta":{"footnotes":""},"categories":[1358],"tags":[1348,1384,1385,1386,58,59,1011,27],"class_list":{"0":"post-622210","1":"post","2":"type-post","3":"status-publish","4":"format-standard","5":"has-post-thumbnail","7":"category-arts-et-design","8":"tag-arts","9":"tag-arts-and-design","10":"tag-arts-et-design","11":"tag-design","12":"tag-divertissement","13":"tag-entertainment","14":"tag-fr","15":"tag-france"},"share_on_mastodon":{"url":"https:\/\/pubeurope.com\/@fr\/115782412100311565","error":""},"_links":{"self":[{"href":"https:\/\/www.europesays.com\/fr\/wp-json\/wp\/v2\/posts\/622210","targetHints":{"allow":["GET"]}}],"collection":[{"href":"https:\/\/www.europesays.com\/fr\/wp-json\/wp\/v2\/posts"}],"about":[{"href":"https:\/\/www.europesays.com\/fr\/wp-json\/wp\/v2\/types\/post"}],"author":[{"embeddable":true,"href":"https:\/\/www.europesays.com\/fr\/wp-json\/wp\/v2\/users\/2"}],"replies":[{"embeddable":true,"href":"https:\/\/www.europesays.com\/fr\/wp-json\/wp\/v2\/comments?post=622210"}],"version-history":[{"count":0,"href":"https:\/\/www.europesays.com\/fr\/wp-json\/wp\/v2\/posts\/622210\/revisions"}],"wp:featuredmedia":[{"embeddable":true,"href":"https:\/\/www.europesays.com\/fr\/wp-json\/wp\/v2\/media\/622211"}],"wp:attachment":[{"href":"https:\/\/www.europesays.com\/fr\/wp-json\/wp\/v2\/media?parent=622210"}],"wp:term":[{"taxonomy":"category","embeddable":true,"href":"https:\/\/www.europesays.com\/fr\/wp-json\/wp\/v2\/categories?post=622210"},{"taxonomy":"post_tag","embeddable":true,"href":"https:\/\/www.europesays.com\/fr\/wp-json\/wp\/v2\/tags?post=622210"}],"curies":[{"name":"wp","href":"https:\/\/api.w.org\/{rel}","templated":true}]}}