{"id":622212,"date":"2025-12-25T21:50:11","date_gmt":"2025-12-25T21:50:11","guid":{"rendered":"https:\/\/www.europesays.com\/fr\/622212\/"},"modified":"2025-12-25T21:50:11","modified_gmt":"2025-12-25T21:50:11","slug":"jimmy-kimmel-denonce-une-tres-bonne-annee-pour-le-fascisme-aux-etats-unis-a-la-television-britannique-le-monde-fr","status":"publish","type":"post","link":"https:\/\/www.europesays.com\/fr\/622212\/","title":{"rendered":"Jimmy Kimmel d\u00e9nonce \u00ab une tr\u00e8s bonne ann\u00e9e \u00bb pour le fascisme aux Etats-Unis, \u00e0 la t\u00e9l\u00e9vision britannique &#8211; Le Monde.fr"},"content":{"rendered":"<ol>\n<li><a href=\"https:\/\/news.google.com\/rss\/articles\/CBMi_gFBVV95cUxNa3dRdnN2a2JNdW0yVC12RVdwcHZNRW8yYnotdXVXZlhSV0lsS1BrRjN2OTctU0piOEx4MU5jX00tQ3ZQVnA0dnF1YzBLR28tWnVJOUlDUEN6eDlrNEFIRzhFalB2c3FSa2k3QmhGTVpZMzNRRjR0SWs5TjJncFBBd0w2ZE9nWlFqa1J0U0dtMVFiQ2poVHQ5eFBmeWlEZXJ4eXBIOEwzNnpYTGZaZ09ka1VFRWVZeHZ6YXFmY25wcFJZVl8yd1JyX01IcUh2UXZlb0MtZU5yYmxiem4wYTZTMWZCQ0lXODdJSVdISElKVnFIRE5rZl9pdlYyMVRYUQ?oc=5\" target=\"_blank\" rel=\"noopener\">Jimmy Kimmel d\u00e9nonce \u00ab une tr\u00e8s bonne ann\u00e9e \u00bb pour le fascisme aux Etats-Unis, \u00e0 la t\u00e9l\u00e9vision britannique<\/a>&nbsp;&nbsp;Le Monde.fr<\/li>\n<li><a href=\"https:\/\/news.google.com\/rss\/articles\/CBMi5AFBVV95cUxOY0NtTUxKUzF2dWdhUWRZbkczdVdOMzRZYkxLUjZpSmpCbmt3X2s0ZzQ3dnJRNFZGemxtOVVGZDJ3SzFxQ01TS0dOS0lJVDRYM0oyb05fcUtXc3VPR05pem5XMm1CRm53NXdTWHBQWUYwRVVJZGRvZnNWVVlNakF2NE5zWEUxY1pwQmxfTEV6YkRNMi04Y0pwVl9MTHk1MVZlTkRQek9wSDE0aVhreDlaS3Myald1ZW4taVZManBMRXhxR2ZwY2ljYlhLNG1DdmUtUm1mXy1TQmJieGpyQXdnaHRSV2c?oc=5\" target=\"_blank\" rel=\"noopener\">\u00ab Une ann\u00e9e difficile \u00bb : Jimmy Kimmel au bord des larmes pour sa derni\u00e8re \u00e9mission de 2025<\/a>&nbsp;&nbsp;Le HuffPost<\/li>\n<li><a href=\"https:\/\/news.google.com\/rss\/articles\/CBMilAFBVV95cUxNRjBDWFZBaXpmNlNNOTZBQVI4NDZVVWRMRGw3ejdNc3d6cENxYzVja3BFdWRzSDJmVGpnaUI3c2EyQjVPUk4tdXlQZUJTOGlnZFNPcmM1ak9SSTc5UmhtYnBIcFZiT0ZRVlY4VEdYS1h5MTM0UU1DOVlPMEhsZVFYbWlub2hjVEY1MGV6QjFLc2w4OEhE0gGaAUFVX3lxTE1fZTBNdUZXc3BRRjVhM3hweS1yMk1xX2x4bGxUWmxad0lScXJibS1ycWpsdlF2bXZMY1kwQkYwUTcyb0VRNjFDQlpINE13VWpuWkxGVHFwVjBQSDMtWUlITUhCQm9FdWtBSkcwUWF5MUZpTjRRem1uMmsxeWxLSEhHdkFmU2lPMk1NMjFLMWxacl8xMVE5T0NTclE?oc=5\" target=\"_blank\" rel=\"noopener\">Jimmy Kimmel : un message de No\u00ebl \u00ab alternatif \u00bb sur Channel 4<\/a>&nbsp;&nbsp;rollingstone.fr<\/li>\n<li><a href=\"https:\/\/news.google.com\/rss\/articles\/CBMisgFBVV95cUxOc3NucHItNXNuTzVQLVE1Z2JYNloxQmhfNnk5V2d1M29PYWp4VXN2bDJJcEpLcHJtNnEyaWtQNkxWRnMyZEEzaEFGUElEaGVlbkFPeDd0TGljU2RHLWRLUTVXTDhpaUdqRnV0eTVCMmdTTVNIVmlSdnQwQ3h5RUl0WTRXSGJkOVhPajlFMk1rd0FsTlh5QW50RVgzVkxXZmRjOFE2NkRGNHJoMlJib29QeGNn?oc=5\" target=\"_blank\" rel=\"noopener\">Discours de No\u00ebl alternatif: Jimmy Kimmel reviendra sur une \u00ab\u00a0ann\u00e9e formidable\u00a0\u00bb pour le fascisme<\/a>&nbsp;&nbsp;RTL.lu<\/li>\n<li><a href=\"https:\/\/news.google.com\/rss\/articles\/CBMilwFBVV95cUxPdXdyZ0JFSko2OHU3LTc5aWN6WGpWZHpCbWZJRGFkeUpZLWlyRVVYUDFWd3NNa04tQmZ0eFIzU3BoSlZUTENqYzdzSFA5VEphR2lubEtmN0YtX3FIY3NqTGN1bnZyNUxXS3JfR1g3LXRUSTJPME5HZWpSSXFrdHhQaHJaS2lEOGZBUVN6OXJnMHRYQVlRVzlB?oc=5\" target=\"_blank\" rel=\"noopener\">\u00ab\u00a0Je pleure d\u00e9j\u00e0, je suis d\u00e9sol\u00e9\u00a0\u00bb : Jimmy Kimmel conclut \u00ab\u00a0une ann\u00e9e difficile\u00a0\u00bb par des sanglots dans son late-show<\/a>&nbsp;&nbsp;Yahoo Actualit\u00e9s<\/li>\n<\/ol>\n","protected":false},"excerpt":{"rendered":"Jimmy Kimmel d\u00e9nonce \u00ab une tr\u00e8s bonne ann\u00e9e \u00bb pour le fascisme aux Etats-Unis, \u00e0 la t\u00e9l\u00e9vision britannique&nbsp;&nbsp;Le&hellip;\n","protected":false},"author":2,"featured_media":395849,"comment_status":"","ping_status":"","sticky":false,"template":"","format":"standard","meta":{"footnotes":""},"categories":[1356],"tags":[58,59,1011,27,252,1364],"class_list":{"0":"post-622212","1":"post","2":"type-post","3":"status-publish","4":"format-standard","5":"has-post-thumbnail","7":"category-television","8":"tag-divertissement","9":"tag-entertainment","10":"tag-fr","11":"tag-france","12":"tag-television","13":"tag-tv"},"share_on_mastodon":{"url":"https:\/\/pubeurope.com\/@fr\/115782420064951671","error":""},"_links":{"self":[{"href":"https:\/\/www.europesays.com\/fr\/wp-json\/wp\/v2\/posts\/622212","targetHints":{"allow":["GET"]}}],"collection":[{"href":"https:\/\/www.europesays.com\/fr\/wp-json\/wp\/v2\/posts"}],"about":[{"href":"https:\/\/www.europesays.com\/fr\/wp-json\/wp\/v2\/types\/post"}],"author":[{"embeddable":true,"href":"https:\/\/www.europesays.com\/fr\/wp-json\/wp\/v2\/users\/2"}],"replies":[{"embeddable":true,"href":"https:\/\/www.europesays.com\/fr\/wp-json\/wp\/v2\/comments?post=622212"}],"version-history":[{"count":0,"href":"https:\/\/www.europesays.com\/fr\/wp-json\/wp\/v2\/posts\/622212\/revisions"}],"wp:featuredmedia":[{"embeddable":true,"href":"https:\/\/www.europesays.com\/fr\/wp-json\/wp\/v2\/media\/395849"}],"wp:attachment":[{"href":"https:\/\/www.europesays.com\/fr\/wp-json\/wp\/v2\/media?parent=622212"}],"wp:term":[{"taxonomy":"category","embeddable":true,"href":"https:\/\/www.europesays.com\/fr\/wp-json\/wp\/v2\/categories?post=622212"},{"taxonomy":"post_tag","embeddable":true,"href":"https:\/\/www.europesays.com\/fr\/wp-json\/wp\/v2\/tags?post=622212"}],"curies":[{"name":"wp","href":"https:\/\/api.w.org\/{rel}","templated":true}]}}