{"id":622217,"date":"2025-12-25T21:54:13","date_gmt":"2025-12-25T21:54:13","guid":{"rendered":"https:\/\/www.europesays.com\/fr\/622217\/"},"modified":"2025-12-25T21:54:13","modified_gmt":"2025-12-25T21:54:13","slug":"mettre-son-doigt-dans-le-nez-donne-alzheimer-faut-il-vraiment-arreter-de-se-curer-le-nez","status":"publish","type":"post","link":"https:\/\/www.europesays.com\/fr\/622217\/","title":{"rendered":"\u00ab\u00a0Mettre son doigt dans le nez donne Alzheimer\u00a0\u00bb : faut-il vraiment arr\u00eater de se curer le nez ?"},"content":{"rendered":"<p>Un geste discret au feu rouge ou devant son \u00e9cran : <strong>se<br \/>\ncurer le nez<\/strong> fait partie des habitudes que presque tout le<br \/>\nmonde a, sans trop y penser. Depuis 2022, une \u00e9tude scientifique<br \/>\nlargement relay\u00e9e alimente pourtant une inqui\u00e9tude inattendue : ce<br \/>\ntic banal favoriserait-il la <strong>maladie d&rsquo;Alzheimer<\/strong><br \/>\n?<\/p>\n<p>Tout est parti d&rsquo;exp\u00e9riences men\u00e9es chez la souris par une<br \/>\n\u00e9quipe australienne, qui a montr\u00e9 qu&rsquo;une bact\u00e9rie respiratoire peut<br \/>\nremonter du nez vers le cerveau. De quoi nourrir la rumeur \u00ab\u00a0mettre<br \/>\nson doigt dans le nez donne Alzheimer\u00a0\u00bb, largement partag\u00e9e sur les<br \/>\nr\u00e9seaux sociaux.<\/p>\n<p>Se curer le nez et Alzheimer : d\u2019o\u00f9 vient la crainte ?<\/p>\n<p>Dans cette \u00e9tude publi\u00e9e dans Scientific Reports, la bact\u00e9rie<br \/>\nChlamydia pneumoniae a \u00e9t\u00e9 d\u00e9pos\u00e9e dans la cavit\u00e9 nasale de souris,<br \/>\npuis retrouv\u00e9e dans leur cerveau le long du nerf olfactif. \u00ab\u00a0Nous<br \/>\nsommes les premiers \u00e0 montrer que Chlamydia pneumoniae peut<br \/>\nremonter directement par le nez jusqu&rsquo;au cerveau o\u00f9 elle peut<br \/>\nd\u00e9clencher des pathologies qui ressemblent \u00e0 la maladie<br \/>\nd&rsquo;Alzheimer\u00a0\u00bb, a expliqu\u00e9 James St John, neuroscientifique \u00e0 la<br \/>\nGriffith University, \u00e0 ScienceAlert. \u00ab\u00a0Nous avons vu cela se<br \/>\nproduire chez un mod\u00e8le murin, et les preuves sont potentiellement<br \/>\neffrayantes pour les humains aussi.\u00a0\u00bb<\/p>\n<p>Pour James St John, ces r\u00e9sultats restent une premi\u00e8re \u00e9tape :<br \/>\n\u00ab\u00a0Nous devons r\u00e9aliser cette \u00e9tude chez l&rsquo;humain et confirmer si la<br \/>\nm\u00eame voie fonctionne de la m\u00eame mani\u00e8re\u00a0\u00bb, a-t-il indiqu\u00e9. \u00ab\u00a0Il<br \/>\ns&rsquo;agit de recherches propos\u00e9es par beaucoup de personnes, mais qui<br \/>\nn&rsquo;ont pas encore \u00e9t\u00e9 men\u00e9es \u00e0 terme. Ce que nous savons, c&rsquo;est que<br \/>\nces m\u00eames bact\u00e9ries sont pr\u00e9sentes chez l&rsquo;humain, mais nous n&rsquo;avons<br \/>\npas encore compris comment elles arrivent l\u00e0.\u00a0\u00bb<\/p>\n<p>Une \u00e9tude sur la souris, pas une preuve que le doigt dans le<br \/>\nnez cause la d\u00e9mence<\/p>\n<p>Les auteurs de l&rsquo;\u00e9tude expliquent que, pour faciliter<br \/>\nl&rsquo;infiltration de la bact\u00e9rie, ils ont chimiquement ab\u00eem\u00e9 la<br \/>\nmuqueuse nasale des souris, une l\u00e9sion bien plus extr\u00eame qu&rsquo;un<br \/>\nsimple curage. Aucune \u00e9tude chez l&rsquo;humain ne montre que les<br \/>\npersonnes qui se curent souvent le nez d\u00e9veloppent davantage de<br \/>\n<strong>d\u00e9mence<\/strong>. James St John rappelle que les grands<br \/>\nd\u00e9terminants restent classiques : \u00ab\u00a0Une fois que vous d\u00e9passez 65<br \/>\nans, votre facteur de risque augmente fortement, mais nous<br \/>\nexaminons aussi d&rsquo;autres causes, car ce n&rsquo;est pas seulement l&rsquo;\u00e2ge,<br \/>\nil y a aussi l&rsquo;exposition environnementale\u00a0\u00bb, avant de pr\u00e9ciser :<br \/>\n\u00ab\u00a0Et nous pensons que les bact\u00e9ries et les virus sont<br \/>\nessentiels.\u00a0\u00bb<\/p>\n<p>Un point cl\u00e9 : se toucher le nez est quasi universel, jusqu&rsquo;\u00e0 9<br \/>\npersonnes sur 10 le feraient selon les auteurs. Si ce geste \u00e9tait<br \/>\nun facteur de risque majeur, l&rsquo;\u00e9pid\u00e9mie de <strong>maladie<br \/>\nd&rsquo;Alzheimer<\/strong> serait bien diff\u00e9rente de ce que montrent les<br \/>\nchiffres actuels.<\/p>\n<p>Comment se curer le nez sans<br \/>\npaniquer<\/p>\n<p>Pour les chercheurs, le message pratique reste surtout de<br \/>\nm\u00e9nager la muqueuse nasale. \u00ab\u00a0Nous ne voulons pas ab\u00eemer l&rsquo;int\u00e9rieur<br \/>\nde notre nez et se le curer ou s&rsquo;arracher les poils peut le faire\u00a0\u00bb,<br \/>\na pr\u00e9venu James St John. \u00ab\u00a0Si vous endommagez la paroi du nez, vous<br \/>\npouvez augmenter le nombre de bact\u00e9ries qui remontent jusqu&rsquo;\u00e0 votre<br \/>\ncerveau.\u00a0\u00bb<\/p>\n","protected":false},"excerpt":{"rendered":"Un geste discret au feu rouge ou devant son \u00e9cran : se curer le nez fait partie des&hellip;\n","protected":false},"author":2,"featured_media":622218,"comment_status":"","ping_status":"","sticky":false,"template":"","format":"standard","meta":{"footnotes":""},"categories":[10],"tags":[4983,21303,2612,1011,27,72,226,71],"class_list":{"0":"post-622217","1":"post","2":"type-post","3":"status-publish","4":"format-standard","5":"has-post-thumbnail","7":"category-sante","8":"tag-bien-etre","9":"tag-buzz_nonli","10":"tag-conseils","11":"tag-fr","12":"tag-france","13":"tag-health","14":"tag-maladie","15":"tag-sante"},"share_on_mastodon":{"url":"https:\/\/pubeurope.com\/@fr\/115782439721212787","error":""},"_links":{"self":[{"href":"https:\/\/www.europesays.com\/fr\/wp-json\/wp\/v2\/posts\/622217","targetHints":{"allow":["GET"]}}],"collection":[{"href":"https:\/\/www.europesays.com\/fr\/wp-json\/wp\/v2\/posts"}],"about":[{"href":"https:\/\/www.europesays.com\/fr\/wp-json\/wp\/v2\/types\/post"}],"author":[{"embeddable":true,"href":"https:\/\/www.europesays.com\/fr\/wp-json\/wp\/v2\/users\/2"}],"replies":[{"embeddable":true,"href":"https:\/\/www.europesays.com\/fr\/wp-json\/wp\/v2\/comments?post=622217"}],"version-history":[{"count":0,"href":"https:\/\/www.europesays.com\/fr\/wp-json\/wp\/v2\/posts\/622217\/revisions"}],"wp:featuredmedia":[{"embeddable":true,"href":"https:\/\/www.europesays.com\/fr\/wp-json\/wp\/v2\/media\/622218"}],"wp:attachment":[{"href":"https:\/\/www.europesays.com\/fr\/wp-json\/wp\/v2\/media?parent=622217"}],"wp:term":[{"taxonomy":"category","embeddable":true,"href":"https:\/\/www.europesays.com\/fr\/wp-json\/wp\/v2\/categories?post=622217"},{"taxonomy":"post_tag","embeddable":true,"href":"https:\/\/www.europesays.com\/fr\/wp-json\/wp\/v2\/tags?post=622217"}],"curies":[{"name":"wp","href":"https:\/\/api.w.org\/{rel}","templated":true}]}}