{"id":622224,"date":"2025-12-25T21:58:11","date_gmt":"2025-12-25T21:58:11","guid":{"rendered":"https:\/\/www.europesays.com\/fr\/622224\/"},"modified":"2025-12-25T21:58:11","modified_gmt":"2025-12-25T21:58:11","slug":"a-partir-du-1er-janvier-2026-les-automobilistes-vont-devoir-faire-tres-attention-avec-larrivee-de-cette-nouvelle-procedure","status":"publish","type":"post","link":"https:\/\/www.europesays.com\/fr\/622224\/","title":{"rendered":"\u00e0 partir du 1er janvier 2026, les automobilistes vont devoir faire tr\u00e8s attention avec l\u2019arriv\u00e9e de cette nouvelle proc\u00e9dure"},"content":{"rendered":"<p>Chaque d\u00e9but d\u2019ann\u00e9e apporte son lot de nouveaut\u00e9s<br \/>\nr\u00e9glementaires qui peuvent avoir un impact sur la vie quotidienne<br \/>\ndes automobilistes. Parmi les rendez\u2011vous incontournables figure le<br \/>\ncontr\u00f4le technique, <strong>cette \u00e9tape obligatoire pour pouvoir<br \/>\ncontinuer \u00e0 circuler en toute l\u00e9galit\u00e9<\/strong>. Depuis sa mise en<br \/>\nplace, son r\u00f4le n\u2019a cess\u00e9 d\u2019\u00e9voluer afin de renforcer la s\u00e9curit\u00e9<br \/>\nrouti\u00e8re et r\u00e9duire les risques li\u00e9s \u00e0 des d\u00e9faillances des<br \/>\nv\u00e9hicules. Il s\u2019agit d\u2019un examen visuel et technique qui permet<br \/>\nd\u2019identifier des probl\u00e8mes susceptibles de compromettre la s\u00e9curit\u00e9<br \/>\ndes usagers de la route ou de nuire \u00e0 l\u2019environnement.<\/p>\n<p>Les points inspect\u00e9s sont nombreux\u202f: \u00e9clairage, structure,<br \/>\nfreins ou encore \u00e9missions polluantes, pour ne citer que les<br \/>\nprincipaux. Les automobilistes le r\u00e9alisent dans des centres agr\u00e9\u00e9s<br \/>\npar les autorit\u00e9s, et son respect conditionne l\u2019assurance du<br \/>\nv\u00e9hicule et la possibilit\u00e9 m\u00eame de le conduire sur la voie<br \/>\npublique. C\u2019est pourquoi il mobilise une large part de l\u2019attention<br \/>\ndes conducteurs, qui savent bien qu\u2019<strong>un rendez\u2011vous manqu\u00e9<br \/>\nou un d\u00e9faut non corrig\u00e9 peut entra\u00eener une contre\u2011visite<\/strong>,<br \/>\nvoire une immobilisation temporaire du v\u00e9hicule.<\/p>\n<p>Un contr\u00f4le technique d\u00e9j\u00e0 essentiel pour la s\u00e9curit\u00e9<br \/>\nrouti\u00e8re<\/p>\n<p>Le contr\u00f4le technique joue un r\u00f4le cl\u00e9 dans la pr\u00e9vention des<br \/>\naccidents. Chaque inspection couvre des centaines de points et<br \/>\ncat\u00e9gorise les d\u00e9faillances en mineures, majeures ou critiques,<br \/>\navec des cons\u00e9quences distinctes pour le conducteur. Les anomalies<br \/>\nmineures, comme une ampoule grill\u00e9e ou un balai d\u2019essuie-glace us\u00e9,<br \/>\nn\u00e9cessitent souvent un simple remplacement. Les d\u00e9fauts majeurs<br \/>\npeuvent contraindre \u00e0 une r\u00e9paration rapide, tandis que <strong>les<br \/>\nanomalies critiques peuvent malheureusement entra\u00eener<br \/>\nl\u2019interdiction temporaire de circulation.<\/strong><\/p>\n<p>Outre la s\u00e9curit\u00e9, <strong>le contr\u00f4le technique prot\u00e8ge<br \/>\n\u00e9galement l\u2019environnement<\/strong>. Les \u00e9missions polluantes se<br \/>\nretrouvent scrut\u00e9es pour s\u2019assurer que le v\u00e9hicule respecte les<br \/>\nnormes en vigueur, ce qui contribue \u00e0 r\u00e9duire la pollution et \u00e0<br \/>\nlimiter l\u2019impact sur la sant\u00e9 publique. Ce double objectif explique<br \/>\npourquoi les centres agr\u00e9\u00e9s r\u00e9alisent des examens minutieux, allant<br \/>\nde la v\u00e9rification des pneus et de la direction \u00e0 celle des feux et<br \/>\ndes syst\u00e8mes de freinage.<\/p>\n<p><strong>En respectant les \u00e9ch\u00e9ances et en corrigeant les d\u00e9fauts<br \/>\nsignal\u00e9s<\/strong>, les automobilistes peuvent continuer \u00e0 circuler<br \/>\nen toute l\u00e9galit\u00e9 tout en r\u00e9duisant le risque d\u2019accident. Ce<br \/>\ndispositif existant est donc essentiel pour la s\u00e9curit\u00e9 de tous,<br \/>\nbien avant que les nouvelles r\u00e8gles de 2026 ne viennent modifier<br \/>\ncertaines pratiques.<\/p>\n<p>\u00c0 partir du 1er janvier 2026 une<br \/>\nnouvelle proc\u00e9dure devra \u00eatre surveill\u00e9e<\/p>\n<p>En effet, <a href=\"https:\/\/www.melty.fr\/divers\/automobilistes-letat-ne-vous-loupera-pas-les-radars-vont-detecter-ces-3-nouvelles-infractions-2281338.html\" target=\"_blank\" rel=\"noopener\"><br \/>\n\u00e0 partir du 1er janvier\u202f2026<\/a>, une nouvelle proc\u00e9dure va<br \/>\ns\u2019ajouter au contr\u00f4le technique traditionnel, avec des implications<br \/>\nconcr\u00e8tes pour les automobilistes. Comme le soulignent nos<br \/>\nconfr\u00e8res de Pleine Vie, <strong>cette r\u00e9forme introduit une prise<br \/>\nen compte syst\u00e9matique des rappels constructeurs jug\u00e9s<br \/>\ncritiques<\/strong>, ce qui constitue une \u00e9tape importante dans la<br \/>\nlutte contre les v\u00e9hicules dangereux encore en circulation.<\/p>\n<p>Concr\u00e8tement, les centres de contr\u00f4le devront v\u00e9rifier<br \/>\n<strong>si un v\u00e9hicule se trouve concern\u00e9 par <a href=\"https:\/\/www.melty.fr\/divers\/renault-rappelle-plusieurs-voitures-a-cause-dun-probleme-de-frein-quels-modeles-sont-concernes-2263332.html\" target=\"_blank\" rel=\"noopener\"><br \/>\nun rappel li\u00e9 \u00e0 un d\u00e9faut grave<\/a><\/strong>, notamment ceux<br \/>\nimpliquant des airbags Takata en \u00ab\u00a0\u202fstop drive\u202f\u00a0\u00bb par exemple. Dans<br \/>\nce cas pr\u00e9cis, si le rappel n\u2019a pas eu lieu dans un garage agr\u00e9\u00e9,<br \/>\ncela entra\u00eenera automatiquement une contre\u2011visite avec interdiction<br \/>\nde circulation tant que la r\u00e9paration n\u2019a pas \u00e9t\u00e9 faite. Le<br \/>\nminist\u00e8re de la Transition \u00e9cologique pr\u00e9cise que cette mesure ne<br \/>\nconcerne que les d\u00e9fauts les plus dangereux pour la s\u00e9curit\u00e9 des<br \/>\nusagers. Pour les rappels moins graves, le contr\u00f4leur indiquera<br \/>\nsimplement l\u2019existence du rappel sur le proc\u00e8s\u2011verbal, sans<br \/>\nentra\u00eener de contre\u2011visite imm\u00e9diate.<\/p>\n<p>Ce changement vise \u00e0 renforcer l\u2019efficacit\u00e9 des campagnes de<br \/>\nrappel, en s\u2019assurant que les automobilistes ne continuent pas \u00e0<br \/>\nrouler avec <strong>des \u00e9quipements susceptibles de mettre leur vie<br \/>\nen danger<\/strong>. Les propri\u00e9taires se retrouvent encourag\u00e9s \u00e0<br \/>\nv\u00e9rifier d\u00e8s maintenant si leur v\u00e9hicule s\u00a0\u00bbav\u00e8re concern\u00e9 par un<br \/>\nrappel critique, afin d\u2019\u00e9viter toute surprise lors de leur prochain<br \/>\ncontr\u00f4le et, de fait, mal commencer l\u2019ann\u00e9e 2026.<\/p>\n","protected":false},"excerpt":{"rendered":"Chaque d\u00e9but d\u2019ann\u00e9e apporte son lot de nouveaut\u00e9s r\u00e9glementaires qui peuvent avoir un impact sur la vie quotidienne&hellip;\n","protected":false},"author":2,"featured_media":622225,"comment_status":"","ping_status":"","sticky":false,"template":"","format":"standard","meta":{"footnotes":""},"categories":[6],"tags":[35,33,34,1011,27,65861],"class_list":{"0":"post-622224","1":"post","2":"type-post","3":"status-publish","4":"format-standard","5":"has-post-thumbnail","7":"category-economie","8":"tag-business","9":"tag-economie","10":"tag-economy","11":"tag-fr","12":"tag-france","13":"tag-trend"},"share_on_mastodon":{"url":"https:\/\/pubeurope.com\/@fr\/115782451673964443","error":""},"_links":{"self":[{"href":"https:\/\/www.europesays.com\/fr\/wp-json\/wp\/v2\/posts\/622224","targetHints":{"allow":["GET"]}}],"collection":[{"href":"https:\/\/www.europesays.com\/fr\/wp-json\/wp\/v2\/posts"}],"about":[{"href":"https:\/\/www.europesays.com\/fr\/wp-json\/wp\/v2\/types\/post"}],"author":[{"embeddable":true,"href":"https:\/\/www.europesays.com\/fr\/wp-json\/wp\/v2\/users\/2"}],"replies":[{"embeddable":true,"href":"https:\/\/www.europesays.com\/fr\/wp-json\/wp\/v2\/comments?post=622224"}],"version-history":[{"count":0,"href":"https:\/\/www.europesays.com\/fr\/wp-json\/wp\/v2\/posts\/622224\/revisions"}],"wp:featuredmedia":[{"embeddable":true,"href":"https:\/\/www.europesays.com\/fr\/wp-json\/wp\/v2\/media\/622225"}],"wp:attachment":[{"href":"https:\/\/www.europesays.com\/fr\/wp-json\/wp\/v2\/media?parent=622224"}],"wp:term":[{"taxonomy":"category","embeddable":true,"href":"https:\/\/www.europesays.com\/fr\/wp-json\/wp\/v2\/categories?post=622224"},{"taxonomy":"post_tag","embeddable":true,"href":"https:\/\/www.europesays.com\/fr\/wp-json\/wp\/v2\/tags?post=622224"}],"curies":[{"name":"wp","href":"https:\/\/api.w.org\/{rel}","templated":true}]}}