{"id":622226,"date":"2025-12-25T21:59:13","date_gmt":"2025-12-25T21:59:13","guid":{"rendered":"https:\/\/www.europesays.com\/fr\/622226\/"},"modified":"2025-12-25T21:59:13","modified_gmt":"2025-12-25T21:59:13","slug":"etats-unis-un-citoyen-portugais-abattu-par-des-agents-de-lice-dans-le-maryland","status":"publish","type":"post","link":"https:\/\/www.europesays.com\/fr\/622226\/","title":{"rendered":"\u00c9tats-Unis : un citoyen portugais abattu par des agents de l&rsquo;ICE dans le Maryland"},"content":{"rendered":"<p>\n  Par&amp;nbsp<b>Euronews<\/b>\n<\/p>\n<p>\n         Publi\u00e9 le<br \/>\n            25\/12\/2025 &#8211; 21:17 UTC+1\n            <\/p>\n<p>Des agents des services am\u00e9ricains de l&rsquo;immigration et des douanes (ICE) ont abattu un Portugais qui aurait refus\u00e9 d&rsquo;arr\u00eater le v\u00e9hicule dans lequel il se trouvait avec un autre passager.<\/p>\n<p>Selon le journal <a href=\"https:\/\/www.publico.pt\/2025\/12\/25\/mundo\/noticia\/homem-portugues-baleado-ice-maryland-2159218\" target=\"_blank\" rel=\"noreferrer noopener\"><strong>P\u00fablico<\/strong><\/a>, l&rsquo;histoire a \u00e9t\u00e9 rapport\u00e9e dans la presse am\u00e9ricaine par <a href=\"https:\/\/www.thebanner.com\/community\/local-news\/ice-shooting-glen-burnie-christmas-eve-3W46QBKJQNGBLMX453MOEXDECA\/\" target=\"_blank\" rel=\"noreferrer noopener\"><strong>The Baltimore Banner<\/strong><\/a>. La fusillade a eu lieu mercredi matin, veille de No\u00ebl, dans le quartier Parke West de <strong>Glen Burnie<\/strong>, dans l&rsquo;\u00c9tat du Maryland.<\/p>\n<p>Selon la presse locale, les agents de l&rsquo;ICE menaient une \u00ab\u00a0op\u00e9ration de police cibl\u00e9e\u00a0\u00bb \u00e0 Glen Burnie et ont identifi\u00e9 <strong>Tiago Alexandre Sousa Martins<\/strong>, qui se trouvait au volant d&rsquo;une camionnette, comme leur cible. Selon les autorit\u00e9s, le ressortissant portugais se trouvait aux \u00c9tats-Unis avec un visa expir\u00e9.<\/p>\n<p>Les agents se sont approch\u00e9s de lui et lui ont demand\u00e9 d&rsquo;\u00e9teindre le moteur. \u00ab\u00a0Il a alors conduit sa camionnette directement vers les agents de l&rsquo;ICE, semblant vouloir les \u00e9craser\u00a0\u00bb, peut-on lire dans une d\u00e9claration publi\u00e9e par un porte-parole de l&rsquo;ICE et cit\u00e9e par The Baltimore Banner. \u00ab\u00a0Craignant pour leur vie et la s\u00e9curit\u00e9 publique, les agents ont tir\u00e9 avec leurs armes de service en l\u00e9gitime d\u00e9fense, touchant le conducteur. Sousa Martins a ensuite \u00e9cras\u00e9 sa camionnette entre deux b\u00e2timents, blessant le passager\u00a0\u00bb, peut-on lire dans la m\u00eame d\u00e9claration.<\/p>\n<p>Le Portugais a \u00e9t\u00e9 bless\u00e9 par balle et le passager a \u00e9t\u00e9 bless\u00e9 par l&rsquo;impact du v\u00e9hicule. Il a \u00e9t\u00e9 identifi\u00e9 comme \u00e9tant <strong>Solomon Antonio Serrano-Esquivel,<\/strong> un ressortissant du Salvador qui \u00e9tait \u00e9galement en situation irr\u00e9guli\u00e8re aux \u00c9tats-Unis. Les agents de l&rsquo;ICE impliqu\u00e9s dans l&rsquo;incident auraient \u00e9t\u00e9 l\u00e9g\u00e8rement bless\u00e9s.<\/p>\n<p>Un porte-parole de la police du comt\u00e9 d&rsquo;Anne Arundel, dans le Maryland, a ajout\u00e9 que les autorit\u00e9s ont r\u00e9agi \u00e0 la fusillade vers 11 heures, heure locale, et que lorsque les agents de l&rsquo;ICE ont tir\u00e9, le conducteur a pris la fuite en direction d&rsquo;une zone bois\u00e9e situ\u00e9e derri\u00e8re les maisons du quartier o\u00f9 l&rsquo;incident s&rsquo;est produit.<\/p>\n<p>Le Portugais et le Salvadorien qui l&rsquo;accompagnait ont \u00e9t\u00e9 admis au Maryland Shock Trauma Centre de Baltimore et, selon la police, l&rsquo;\u00e9tat de Tiago Alexandre Sousa Martins est consid\u00e9r\u00e9 comme stable.<\/p>\n<p>Des agents du FBI enqu\u00eatent sur l&rsquo;agression pr\u00e9sum\u00e9e d&rsquo;agents de l&rsquo;ICE et le service de l&rsquo;immigration lui-m\u00eame m\u00e8ne une enqu\u00eate interne sur ce qui s&rsquo;est pass\u00e9.<\/p>\n","protected":false},"excerpt":{"rendered":"Par&amp;nbspEuronews Publi\u00e9 le 25\/12\/2025 &#8211; 21:17 UTC+1 Des agents des services am\u00e9ricains de l&rsquo;immigration et des douanes (ICE)&hellip;\n","protected":false},"author":2,"featured_media":622227,"comment_status":"","ping_status":"","sticky":false,"template":"","format":"standard","meta":{"footnotes":""},"categories":[5],"tags":[11,1866,1011,27,6734,14,1251,12,6996,28],"class_list":{"0":"post-622226","1":"post","2":"type-post","3":"status-publish","4":"format-standard","5":"has-post-thumbnail","7":"category-international","8":"tag-actualites","9":"tag-etats-unis-damerique","10":"tag-fr","11":"tag-france","12":"tag-immigration-clandestine","13":"tag-international","14":"tag-migrants","15":"tag-news","16":"tag-portugal","17":"tag-world"},"share_on_mastodon":{"url":"https:\/\/pubeurope.com\/@fr\/115782455580406247","error":""},"_links":{"self":[{"href":"https:\/\/www.europesays.com\/fr\/wp-json\/wp\/v2\/posts\/622226","targetHints":{"allow":["GET"]}}],"collection":[{"href":"https:\/\/www.europesays.com\/fr\/wp-json\/wp\/v2\/posts"}],"about":[{"href":"https:\/\/www.europesays.com\/fr\/wp-json\/wp\/v2\/types\/post"}],"author":[{"embeddable":true,"href":"https:\/\/www.europesays.com\/fr\/wp-json\/wp\/v2\/users\/2"}],"replies":[{"embeddable":true,"href":"https:\/\/www.europesays.com\/fr\/wp-json\/wp\/v2\/comments?post=622226"}],"version-history":[{"count":0,"href":"https:\/\/www.europesays.com\/fr\/wp-json\/wp\/v2\/posts\/622226\/revisions"}],"wp:featuredmedia":[{"embeddable":true,"href":"https:\/\/www.europesays.com\/fr\/wp-json\/wp\/v2\/media\/622227"}],"wp:attachment":[{"href":"https:\/\/www.europesays.com\/fr\/wp-json\/wp\/v2\/media?parent=622226"}],"wp:term":[{"taxonomy":"category","embeddable":true,"href":"https:\/\/www.europesays.com\/fr\/wp-json\/wp\/v2\/categories?post=622226"},{"taxonomy":"post_tag","embeddable":true,"href":"https:\/\/www.europesays.com\/fr\/wp-json\/wp\/v2\/tags?post=622226"}],"curies":[{"name":"wp","href":"https:\/\/api.w.org\/{rel}","templated":true}]}}