{"id":622230,"date":"2025-12-25T22:02:42","date_gmt":"2025-12-25T22:02:42","guid":{"rendered":"https:\/\/www.europesays.com\/fr\/622230\/"},"modified":"2025-12-25T22:02:42","modified_gmt":"2025-12-25T22:02:42","slug":"endrick-est-persuade-de-reussir-a-lol","status":"publish","type":"post","link":"https:\/\/www.europesays.com\/fr\/622230\/","title":{"rendered":"Endrick est persuad\u00e9 de r\u00e9ussir \u00e0 l&rsquo;OL"},"content":{"rendered":"<p>                            <img width=\"770\" height=\"433\" src=\"https:\/\/www.europesays.com\/fr\/wp-content\/uploads\/2025\/12\/AFP__20250924__bretonhernandez-levanteu250923_npxhT__v1__HighRes__LevanteUdVRealMadr-770x433.jpg\" class=\"attachment-article size-article wp-post-image\" alt=\"Endrick, attaquant pr\u00eat\u00e9 par le Real Madrid \u00e0 l'OL\" decoding=\"async\" fetchpriority=\"high\"  \/><\/p>\n<p>Endrick, attaquant pr\u00eat\u00e9 par le Real Madrid \u00e0 l\u2019OL (Photo by Jose Breton \/ NurPhoto via AFP)<\/p>\n<p>Au moment de s&rsquo;engager avec l&rsquo;OL pour la fin de saison, Endrick aurait fait une promesse \u00e0 ses co\u00e9quipiers du Real Madrid. Celle de r\u00e9ussir en France avant de revenir en Espagne.<\/p>\n<p>\u00c0 19 ans, <strong>Endrick <\/strong>a encore toute sa carri\u00e8re devant lui. Mais <a href=\"https:\/\/www.olympique-et-lyonnais.com\/endrick-vient-sajouter-a-la-longue-liste-des-bresiliens-de-lol,387314.html\" target=\"_blank\" rel=\"noopener\">le Br\u00e9silien<\/a> vient de perdre six mois \u00e0 cirer le banc du Real Madrid et il a du temps \u00e0 rattraper. Dans l&rsquo;optique de la Coupe du monde l&rsquo;\u00e9t\u00e9 prochain, il va tenter de se relancer \u00e0 l&rsquo;OL, o\u00f9 il a sign\u00e9 <a href=\"https:\/\/www.olympique-et-lyonnais.com\/mercato-lol-officialise-deja-larrivee-dendrick,387271.html\" target=\"_blank\" rel=\"noopener\">en pr\u00eat mardi<\/a>. Un semestre pour gagner son billet pour l&rsquo;Am\u00e9rique du Nord. Pour cela, il devra d\u00e9montrer toutes ses qualit\u00e9s avec sa nouvelle \u00e9quipe.<\/p>\n<p>Premier entra\u00eenement le 29 d\u00e9cembre<\/p>\n<p><a href=\"https:\/\/www.olympique-et-lyonnais.com\/avec-endrick-lattaque-de-lol-va-t-elle-se-reinventer,387286.html\" target=\"_blank\" rel=\"noopener\">L&rsquo;attaquant<\/a> semble convaincu d&rsquo;en \u00eatre capable. <a href=\"https:\/\/as.com\/futbol\/primera\/bobby-no-puede-caer-asi-fueron-los-peores-momentos-de-endrick-f202512-n\/\" target=\"_blank\" rel=\"noopener\">AS <\/a>a en effet r\u00e9v\u00e9l\u00e9 une anecdote au moment des au revoir du jeune homme \u00e0 ses co\u00e9quipiers madril\u00e8nes. Il leur aurait fait la promesse de r\u00e9ussir en France et en Ligue Europa avant de revenir au club pour la saison 2026-2027. Surnomm\u00e9 \u00ab\u00a0Bobby\u00a0\u00bb par ses partenaires, en r\u00e9f\u00e9rence \u00e0 Bobby <strong>Charlton<\/strong>, l&rsquo;avant-centre est visiblement tr\u00e8s appr\u00e9ci\u00e9 du vestiaire de la \u00ab\u00a0Maison Blanche\u00a0\u00bb. Ce dernier s&rsquo;est mobilis\u00e9 pour l&rsquo;encourager lorsqu&rsquo;il ne jouait pas. <\/p>\n<p>Sur cette premi\u00e8re moiti\u00e9 d&rsquo;exercice 2025-2026, il a disput\u00e9 trois rencontres seulement, pour une titularisation. Dans le Rh\u00f4ne, le footballeur de la g\u00e9n\u00e9ration 2006 aura \u00e9videmment davantage de temps de jeu. \u00c0 lui ensuite d&rsquo;en faire un suffisamment bon usage pour se rappeler au bon souvenir du s\u00e9lectionneur, Carlo <strong>Ancelotti<\/strong>, et de la Sele\u00e7\u00e3o. <a href=\"https:\/\/www.olympique-et-lyonnais.com\/dans-la-lignee-danderson-et-fred-endrick-portera-le-numero-9-a-lol,387303.html\" target=\"_blank\" rel=\"noopener\">D\u00e9but de l&rsquo;histoire<\/a> le 29 d\u00e9cembre avec son premier entra\u00eenement.<\/p>\n<p>\t\t\t\t\t<a href=\"https:\/\/www.olympique-et-lyonnais.com\/ligue-1-ligue-europa-coupe-de-france-le-calendrier-de-lol-en-janvier,387365.html\" title=\"Ligue 1, Ligue Europa, Coupe de France... Le calendrier de l&#039;OL en janvier\" target=\"_blank\" rel=\"noopener\"><img loading=\"lazy\" width=\"580\" height=\"326\" src=\"https:\/\/www.europesays.com\/fr\/wp-content\/uploads\/2025\/12\/Pavel-Sulc-e1762122653634-580x326.jpg\" class=\"attachment-actularge size-actularge wp-post-image\" alt=\"Sulc (OL) face \u00e0 Mboup et Chitard (Brest)\" decoding=\"async\"  \/>\t\t\t\t\t<\/a><\/p>\n","protected":false},"excerpt":{"rendered":"Endrick, attaquant pr\u00eat\u00e9 par le Real Madrid \u00e0 l\u2019OL (Photo by Jose Breton \/ NurPhoto via AFP) Au&hellip;\n","protected":false},"author":2,"featured_media":622231,"comment_status":"","ping_status":"","sticky":false,"template":"","format":"standard","meta":{"footnotes":""},"categories":[2],"tags":[11,64783,1011,27,12,241],"class_list":{"0":"post-622230","1":"post","2":"type-post","3":"status-publish","4":"format-standard","5":"has-post-thumbnail","7":"category-actualites","8":"tag-actualites","9":"tag-endrick","10":"tag-fr","11":"tag-france","12":"tag-news","13":"tag-ol"},"share_on_mastodon":{"url":"https:\/\/pubeurope.com\/@fr\/115782468048477774","error":""},"_links":{"self":[{"href":"https:\/\/www.europesays.com\/fr\/wp-json\/wp\/v2\/posts\/622230","targetHints":{"allow":["GET"]}}],"collection":[{"href":"https:\/\/www.europesays.com\/fr\/wp-json\/wp\/v2\/posts"}],"about":[{"href":"https:\/\/www.europesays.com\/fr\/wp-json\/wp\/v2\/types\/post"}],"author":[{"embeddable":true,"href":"https:\/\/www.europesays.com\/fr\/wp-json\/wp\/v2\/users\/2"}],"replies":[{"embeddable":true,"href":"https:\/\/www.europesays.com\/fr\/wp-json\/wp\/v2\/comments?post=622230"}],"version-history":[{"count":0,"href":"https:\/\/www.europesays.com\/fr\/wp-json\/wp\/v2\/posts\/622230\/revisions"}],"wp:featuredmedia":[{"embeddable":true,"href":"https:\/\/www.europesays.com\/fr\/wp-json\/wp\/v2\/media\/622231"}],"wp:attachment":[{"href":"https:\/\/www.europesays.com\/fr\/wp-json\/wp\/v2\/media?parent=622230"}],"wp:term":[{"taxonomy":"category","embeddable":true,"href":"https:\/\/www.europesays.com\/fr\/wp-json\/wp\/v2\/categories?post=622230"},{"taxonomy":"post_tag","embeddable":true,"href":"https:\/\/www.europesays.com\/fr\/wp-json\/wp\/v2\/tags?post=622230"}],"curies":[{"name":"wp","href":"https:\/\/api.w.org\/{rel}","templated":true}]}}