{"id":622236,"date":"2025-12-25T22:07:19","date_gmt":"2025-12-25T22:07:19","guid":{"rendered":"https:\/\/www.europesays.com\/fr\/622236\/"},"modified":"2025-12-25T22:07:19","modified_gmt":"2025-12-25T22:07:19","slug":"ball-elite-lelan-chalon-a-passe-noel-au-colisee-pour-offrir-nancy-a-son-public","status":"publish","type":"post","link":"https:\/\/www.europesays.com\/fr\/622236\/","title":{"rendered":"ball &#8211; \u00c9lite. L\u2019\u00c9lan Chalon a pass\u00e9 No\u00ebl au Colis\u00e9e pour offrir Nancy \u00e0 son public"},"content":{"rendered":"<p>Chalon &#8211; Nancy<\/p>\n<p>Ce vendredi, 17 heures<\/p>\n<p>Jeudi 25\u00a0d\u00e9cembre, jour de No\u00ebl. Il est 15 heures 30 quand le gardien du Colis\u00e9e, dans sa tenue rouge, ouvre les portes de la salle. Pas besoin de scotcher la pancarte \u00ab\u00a0entra\u00eenement \u00e0 huis clos\u00a0\u00bb. Il n\u2019y a personne \u00e0 part, bien s\u00fbr, les joueurs et le staff.<\/p>\n<p>Le Canadien Nate Darling, avec sa longue barbe, est le premier \u00e0 entrer dans l\u2019ar\u00e8ne bien que son retour de blessure soit programm\u00e9 pour d\u00e9but janvier. Pieds nus, tout seul, il encha\u00eene quelques tirs avant que le pr\u00e9parateur physique, muni de son mat\u00e9riel, ne le rejoigne.<\/p>\n<p>Dr\u00f4les de f\u00eates<\/p>\n<p>Les 4\u00a0500 si\u00e8ges sont vides. Ils seront pris d\u2019assaut ce jeudi pour le traditionnel match de No\u00ebl. Une peluche d\u2019un \u00e9lan, d\u00e9cor\u00e9 aux&#8230;<\/p>\n","protected":false},"excerpt":{"rendered":"Chalon &#8211; Nancy Ce vendredi, 17 heures Jeudi 25\u00a0d\u00e9cembre, jour de No\u00ebl. Il est 15 heures 30 quand&hellip;\n","protected":false},"author":2,"featured_media":622237,"comment_status":"","ping_status":"","sticky":false,"template":"","format":"standard","meta":{"footnotes":""},"categories":[9635],"tags":[1111,11,1791,11605,11606,6238,11032,12256,1777,674,107,1701,1011,27,775,1702,12,25,517],"class_list":{"0":"post-622236","1":"post","2":"type-post","3":"status-publish","4":"format-standard","5":"has-post-thumbnail","7":"category-nancy","8":"tag-actu","9":"tag-actualites","10":"tag-basket-ball","11":"tag-chalon-sur-saone","12":"tag-chalon-ville","13":"tag-edition-bresse","14":"tag-edition-chalon-sur-saone","15":"tag-elan-chalon-basket","16":"tag-eu","17":"tag-europe","18":"tag-fil-info","19":"tag-fil-info-sport","20":"tag-fr","21":"tag-france","22":"tag-grand-est","23":"tag-nancy","24":"tag-news","25":"tag-republique-francaise","26":"tag-sport"},"share_on_mastodon":{"url":"https:\/\/pubeurope.com\/@fr\/115782486796726440","error":""},"_links":{"self":[{"href":"https:\/\/www.europesays.com\/fr\/wp-json\/wp\/v2\/posts\/622236","targetHints":{"allow":["GET"]}}],"collection":[{"href":"https:\/\/www.europesays.com\/fr\/wp-json\/wp\/v2\/posts"}],"about":[{"href":"https:\/\/www.europesays.com\/fr\/wp-json\/wp\/v2\/types\/post"}],"author":[{"embeddable":true,"href":"https:\/\/www.europesays.com\/fr\/wp-json\/wp\/v2\/users\/2"}],"replies":[{"embeddable":true,"href":"https:\/\/www.europesays.com\/fr\/wp-json\/wp\/v2\/comments?post=622236"}],"version-history":[{"count":0,"href":"https:\/\/www.europesays.com\/fr\/wp-json\/wp\/v2\/posts\/622236\/revisions"}],"wp:featuredmedia":[{"embeddable":true,"href":"https:\/\/www.europesays.com\/fr\/wp-json\/wp\/v2\/media\/622237"}],"wp:attachment":[{"href":"https:\/\/www.europesays.com\/fr\/wp-json\/wp\/v2\/media?parent=622236"}],"wp:term":[{"taxonomy":"category","embeddable":true,"href":"https:\/\/www.europesays.com\/fr\/wp-json\/wp\/v2\/categories?post=622236"},{"taxonomy":"post_tag","embeddable":true,"href":"https:\/\/www.europesays.com\/fr\/wp-json\/wp\/v2\/tags?post=622236"}],"curies":[{"name":"wp","href":"https:\/\/api.w.org\/{rel}","templated":true}]}}