{"id":622241,"date":"2025-12-25T22:12:16","date_gmt":"2025-12-25T22:12:16","guid":{"rendered":"https:\/\/www.europesays.com\/fr\/622241\/"},"modified":"2025-12-25T22:12:16","modified_gmt":"2025-12-25T22:12:16","slug":"tauleigne-signe-a-valence-romans","status":"publish","type":"post","link":"https:\/\/www.europesays.com\/fr\/622241\/","title":{"rendered":"Tauleigne signe \u00e0 Valence Romans"},"content":{"rendered":"<p><strong>Actuel 3e du classement de Pro<br \/>\nD2, Valence Romans a annonc\u00e9 ce jeudi, la signature pour la saison<br \/>\nprochaine du troisi\u00e8me-ligne Marco Tauleigne, en provenance de<br \/>\nMontpellier.<\/strong><\/p>\n<p>Les supporters de Valence Romans Dr\u00f4me Rugby ont eu un cadeau de<br \/>\nNo\u00ebl suppl\u00e9mentaire en ce 25 d\u00e9cembre. En effet, ce jeudi, le club<br \/>\na annonc\u00e9 sur ses r\u00e9seaux sociaux l\u2019annonce d\u2019une nouvelle recrue<br \/>\npour la saison prochaine. En provenance de Montpellier, c\u2019est le<br \/>\ntroisi\u00e8me ligne centre Marco Tauleigne qui rejoindra les \u00ab Damiers<br \/>\n\u00bb \u00e0 compter de l\u2019exercice 2026-2027, et ce, pour deux saisons,<br \/>\njusqu\u2019en juin 2028.<\/p>\n<p>Un retour dans la r\u00e9gion pour Marco Tauleigne, lui le natif de<br \/>\nMont\u00e9limar. Form\u00e9 du c\u00f4t\u00e9 de Bourgoin-Jailleu, c\u2019est \u00e0 l\u2019Union<br \/>\nBordeaux-B\u00e8gles que le troisi\u00e8me ligne de 32 ans va r\u00e9ellement<br \/>\ns\u2019imposer. Entre 2013 et 2021, Marco Tauleigne portera \u00e0 110<br \/>\nreprises le maillot de l\u2019UBB et se verra m\u00eame offrir ses premi\u00e8res<br \/>\ns\u00e9lections en \u00c9quipe de France par Jacques Brunel. Avec cinq capes<br \/>\nau total, le troisi\u00e8me ligne aura particip\u00e9 au parcours du XV de<br \/>\nFrance lors du tournoi des 6 Nations en 2018.<\/p>\n<p>Vainqueur du Brennus en 2022<\/p>\n<p>\u00c0 l\u2019\u00e9t\u00e9 2021, changement de cap et direction Montpellier pour<br \/>\nMarco Tauleigne. Un transfert qui va vite se voir \u00eatre r\u00e9compens\u00e9<br \/>\npour le troisi\u00e8me ligne centre puisqu\u2019il remporte son premier<br \/>\nbouclier de Brennus en 2022 avec le club h\u00e9raultais. Depuis son<br \/>\narriv\u00e9e, Marco Tauleigne a port\u00e9 \u00e0 66 reprises le maillot de<br \/>\nMontpellier. Cette saison, il a pris part \u00e0 huit rencontres, pour<br \/>\ntrois petites titularisations, avec un essai \u00e0 la cl\u00e9 contre le<br \/>\nRacing 92, d\u00e9but octobre. Plus r\u00e9cemment, Tauleigne a encha\u00een\u00e9<br \/>\nint\u00e9gralement les deux rencontres de Challenge Cup de<br \/>\nMontpellier.<\/p>\n<p>Un transfert qui a tout du bon coup pour Valence Romans Dr\u00f4me<br \/>\nRugby qui r\u00e9alise au passage une superbe saison en Pro D2. Le club<br \/>\nest actuellement troisi\u00e8me, ex aequo avec Colomiers, mais<br \/>\nl\u00e9g\u00e8rement distanc\u00e9 par le leader Vannes. D\u00e9fait vendredi dernier<br \/>\nsur la pelouse de Colomiers, Valence Romans compte 11 victoires et<br \/>\n4 d\u00e9faites depuis le d\u00e9but de l\u2019exercice, et peut l\u00e9gitimement, en<br \/>\ncas de bonne seconde partie de saison, jouer les trouble-f\u00eate dans<br \/>\nla lutte pour l\u2019accession au Top 14.<\/p>\n","protected":false},"excerpt":{"rendered":"Actuel 3e du classement de Pro D2, Valence Romans a annonc\u00e9 ce jeudi, la signature pour la saison&hellip;\n","protected":false},"author":2,"featured_media":622242,"comment_status":"","ping_status":"","sticky":false,"template":"","format":"standard","meta":{"footnotes":""},"categories":[9599],"tags":[1111,11,1777,674,1011,27,1434,2208,12,2680,2308,25,57681,478,969,59562],"class_list":{"0":"post-622241","1":"post","2":"type-post","3":"status-publish","4":"format-standard","5":"has-post-thumbnail","7":"category-montpellier","8":"tag-actu","9":"tag-actualites","10":"tag-eu","11":"tag-europe","12":"tag-fr","13":"tag-france","14":"tag-mercato","15":"tag-montpellier","16":"tag-news","17":"tag-occitanie","18":"tag-pro-d2","19":"tag-republique-francaise","20":"tag-sport365-fr","21":"tag-top-14","22":"tag-transfert","23":"tag-valence-romans"},"share_on_mastodon":{"url":"https:\/\/pubeurope.com\/@fr\/115782506444071171","error":""},"_links":{"self":[{"href":"https:\/\/www.europesays.com\/fr\/wp-json\/wp\/v2\/posts\/622241","targetHints":{"allow":["GET"]}}],"collection":[{"href":"https:\/\/www.europesays.com\/fr\/wp-json\/wp\/v2\/posts"}],"about":[{"href":"https:\/\/www.europesays.com\/fr\/wp-json\/wp\/v2\/types\/post"}],"author":[{"embeddable":true,"href":"https:\/\/www.europesays.com\/fr\/wp-json\/wp\/v2\/users\/2"}],"replies":[{"embeddable":true,"href":"https:\/\/www.europesays.com\/fr\/wp-json\/wp\/v2\/comments?post=622241"}],"version-history":[{"count":0,"href":"https:\/\/www.europesays.com\/fr\/wp-json\/wp\/v2\/posts\/622241\/revisions"}],"wp:featuredmedia":[{"embeddable":true,"href":"https:\/\/www.europesays.com\/fr\/wp-json\/wp\/v2\/media\/622242"}],"wp:attachment":[{"href":"https:\/\/www.europesays.com\/fr\/wp-json\/wp\/v2\/media?parent=622241"}],"wp:term":[{"taxonomy":"category","embeddable":true,"href":"https:\/\/www.europesays.com\/fr\/wp-json\/wp\/v2\/categories?post=622241"},{"taxonomy":"post_tag","embeddable":true,"href":"https:\/\/www.europesays.com\/fr\/wp-json\/wp\/v2\/tags?post=622241"}],"curies":[{"name":"wp","href":"https:\/\/api.w.org\/{rel}","templated":true}]}}