{"id":622245,"date":"2025-12-25T22:20:14","date_gmt":"2025-12-25T22:20:14","guid":{"rendered":"https:\/\/www.europesays.com\/fr\/622245\/"},"modified":"2025-12-25T22:20:14","modified_gmt":"2025-12-25T22:20:14","slug":"en-quoi-consiste-le-plan-grand-froid-active-dans-trois-departements-bretons","status":"publish","type":"post","link":"https:\/\/www.europesays.com\/fr\/622245\/","title":{"rendered":"En quoi consiste le plan \u00ab\u00a0grand froid\u00a0\u00bb, activ\u00e9 dans trois d\u00e9partements bretons\u00a0?"},"content":{"rendered":"<p>Des temp\u00e9ratures d\u00e9j\u00e0 basses, en lien avec la goutte froide (poche d\u2019air tr\u00e8s froid en altitude), et associ\u00e9es \u00e0 un vent d\u2019est qui souffle suffisamment fort. Il n\u2019y avait pas meilleur cocktail pour cr\u00e9er cette <a href=\"https:\/\/www.letelegramme.fr\/bretagne\/3c-a-lanfains-13c-a-rennes-ou-a-t-il-fait-le-plus-froid-en-bretagne-lors-de-la-nuit-de-noel-6954264.php\" target=\"_blank\" rel=\"noopener\">atmosph\u00e8re hivernale<\/a> qui s\u2019est \u00e9tablie depuis mercredi sur la Bretagne &#8211; et plus g\u00e9n\u00e9ralement sur une large moiti\u00e9 nord de la France. \u00c0 19 h jeudi, il faisait -0,6\u00b0C \u00e0 Lorient (ressenti -4,3), -0,4\u00b0C \u00e0 Brest (ressenti -4,5), -0,3\u00b0C \u00e0 Quimper (ressenti -4,4), 0,2\u00b0C \u00e0 Saint-Brieuc (ressenti -3,1) et m\u00eame -0,7\u00b0C \u00e0 Rostrenen (ressenti -5,1).<\/p>\n<p>Et ce n\u2019est pas fini. \u00ab Dans les prochains jours, les temp\u00e9ratures ne vont pas descendre si bas, mais le vent soutenu va accentuer fortement la sensation de froid, qui restera intense au moins jusqu\u2019\u00e0 dimanche \u00bb, <a href=\"https:\/\/www.letelegramme.fr\/bretagne\/des-flocons-de-neige-sur-toute-la-bretagne-ce-jeudi-matin-et-des-temperatures-glaciales-jusqua-au-moins-dimanche-6953985.php\" target=\"_blank\" rel=\"noopener\">pr\u00e9voyait, d\u00e8s mercredi, St\u00e9ven Tual<\/a>. Le m\u00e9t\u00e9orologue \u00e0 Temps Breton parle de \u00ab p\u00e9riode remarquable \u00bb pour la r\u00e9gion : \u00ab Cela fait tr\u00e8s longtemps que l\u2019on n\u2019a pas vu une aussi longue p\u00e9riode avec un ressenti aussi glacial. \u00bb<\/p>\n<p>Trois d\u00e9partements activent le plan grand froid<\/p>\n<p>Dans ce contexte, M\u00e9t\u00e9o France a plac\u00e9 toute la Bretagne en vigilance jaune en raison des temp\u00e9ratures fra\u00eeches et trois pr\u00e9fectures ont activ\u00e9 le premier niveau du plan hivernal \u00ab Grand froid \u00bb &#8211; comme d\u2019autres en France. Il s\u2019agit du <a href=\"https:\/\/www.letelegramme.fr\/bretagne\/la-prefecture-du-finistere-active-le-plan-grand-froid-a-compter-de-ce-jeudi-en-raison-de-la-chute-des-temperatures-6954262.php\" target=\"_blank\" rel=\"noopener\">Finist\u00e8re<\/a>, des <a href=\"https:\/\/www.letelegramme.fr\/cotes-d-armor\/saint-brieuc-22000\/plan-hivernal-le-prefet-des-cotes-darmor-declenche-le-dispositif-niveau-jaune-6953906.php\" target=\"_blank\" rel=\"noopener\">C\u00f4tes-d\u2019Armor<\/a> et de l\u2019<a href=\"https:\/\/www.letelegramme.fr\/ille-et-vilaine\/grand-froid-en-ille-et-vilaine-la-prefecture-renforce-ses-dispositifs-6953737.php\" target=\"_blank\" rel=\"noopener\">Ille-et-Vilaine<\/a>.<\/p>\n<p>L\u2019activation de ce premier niveau de vigilance permet l\u2019ouverture de places d\u2019h\u00e9bergement suppl\u00e9mentaires, l\u2019ouverture d\u2019accueils de jour, une intensification des maraudes de la Croix-Rouge fran\u00e7aise et l\u2019augmentation des moyens humains et financiers d\u00e9di\u00e9s au 115, le num\u00e9ro d\u2019urgence. Il vise aussi \u00e0 accentuer l\u2019information et les solutions aupr\u00e8s des populations les plus \u00e0 risque (personnes isol\u00e9es, sans domicile, malades chroniques, enfants en bas \u00e2ge, personnes \u00e2g\u00e9es).<\/p>\n<p>18 logements d\u2019urgence \u00e0 Lannion<\/p>\n<p>Concr\u00e8tement, dans le Finist\u00e8re, le nombre de places de mise \u00e0 l\u2019abri sera augment\u00e9 \u00e0 Brest, Quimper, Morlaix et Concarneau en cas de saturation des h\u00e9bergements d\u00e9j\u00e0 actifs. En Ille-et-Vilaine, un site suppl\u00e9mentaire pour accueillir jusqu\u2019\u00e0 dix personnes isol\u00e9es va ouvrir \u00e0 Rennes.<\/p>\n<p>Dans les C\u00f4tes-d\u2019Armor, <a href=\"https:\/\/www.letelegramme.fr\/cotes-d-armor\/saint-brieuc-22000\/cotes-darmor-la-croix-rouge-ouvre-des-centres-dhebergement-a-saint-brieuc-et-dinan-face-au-froid-6954207.php\" target=\"_blank\" rel=\"noopener\">des centres d\u2019h\u00e9bergement de nuit ont ouvert sur Saint-Brieuc et Dinan<\/a> (22) et 18 logements d\u2019urgence ont \u00e9t\u00e9 notamment activ\u00e9s \u00e0 Lannion par le CCAS. Les maraudes ont \u00e9galement \u00e9t\u00e9 renforc\u00e9es ce jeudi soir. \u00ab Nous avons environ 25 b\u00e9n\u00e9voles pour les maraudes. L\u2019id\u00e9e, c\u2019est de constituer une \u00e9quipe de deux \u00e0 trois personnes qui vont aller pr\u00e8s des lieux fr\u00e9quent\u00e9s par des gens \u00e0 la rue \u00bb, explique Arnaud Clech, responsable de l\u2019activit\u00e9 Samu social et maraudes.<\/p>\n<p>M\u00eame si la pr\u00e9fecture du Morbihan n\u2019a pas encore activ\u00e9 le plan grand Froid dans le d\u00e9partement, la Ville de Lorient a d\u2019ores et d\u00e9j\u00e0 <a href=\"https:\/\/www.letelegramme.fr\/morbihan\/lorient-56100\/laccueil-de-jour-a-lorient-etend-ses-horaires-douverture-en-raison-du-froid-6954099.php\" target=\"_blank\" rel=\"noopener\">\u00e9tendu les horaires d\u2019ouverture de son accueil de jour jusqu\u2019\u00e0 ce dimanche<\/a>.<\/p>\n<p>Risques d\u2019intoxication<\/p>\n<p>Au-del\u00e0 de l\u2019attention \u00e0 apporter aux plus pr\u00e9caires, les autorit\u00e9s appellent \u00e0 la vigilance concernant les syst\u00e8mes de chauffage d\u2019appoint, afin d\u2019\u00e9viter les risques d\u2019intoxication par des machines qui pourraient d\u00e9gager du monoxyde de carbone. Mais aussi \u00e0 la vigilance sur la route, le froid associ\u00e9 aux conditions d\u2019humidit\u00e9 pouvant provoquer du givre et du verglas. Il est notamment recommand\u00e9 de r\u00e9duire \u00ab fortement \u00bb sa vitesse pour anticiper les glissades et allonger les distances de freinage.<\/p>\n<p class=\"note\">En cas d\u2019urgence sociale : appelez le 115 (appel gratuit) ; en cas d\u2019urgence vitale : faites le 15 (Samu) ou le 18 (pompiers) ou le 112 (num\u00e9ro europ\u00e9en d\u2019urgence)<\/p>\n","protected":false},"excerpt":{"rendered":"Des temp\u00e9ratures d\u00e9j\u00e0 basses, en lien avec la goutte froide (poche d\u2019air tr\u00e8s froid en altitude), et associ\u00e9es&hellip;\n","protected":false},"author":2,"featured_media":622246,"comment_status":"","ping_status":"","sticky":false,"template":"","format":"standard","meta":{"footnotes":""},"categories":[2821],"tags":[1111,11,829,2171,765,1777,674,3321,1011,27,848,2487,21570,12,584,25],"class_list":{"0":"post-622245","1":"post","2":"type-post","3":"status-publish","4":"format-standard","5":"has-post-thumbnail","7":"category-rennes","8":"tag-actu","9":"tag-actualites","10":"tag-bretagne","11":"tag-cotes-darmor","12":"tag-en-continu","13":"tag-eu","14":"tag-europe","15":"tag-finistere","16":"tag-fr","17":"tag-france","18":"tag-ille-et-vilaine","19":"tag-meteo","20":"tag-meteo-en-bretagne","21":"tag-news","22":"tag-rennes","23":"tag-republique-francaise"},"share_on_mastodon":{"url":"https:\/\/pubeurope.com\/@fr\/115782538004893077","error":""},"_links":{"self":[{"href":"https:\/\/www.europesays.com\/fr\/wp-json\/wp\/v2\/posts\/622245","targetHints":{"allow":["GET"]}}],"collection":[{"href":"https:\/\/www.europesays.com\/fr\/wp-json\/wp\/v2\/posts"}],"about":[{"href":"https:\/\/www.europesays.com\/fr\/wp-json\/wp\/v2\/types\/post"}],"author":[{"embeddable":true,"href":"https:\/\/www.europesays.com\/fr\/wp-json\/wp\/v2\/users\/2"}],"replies":[{"embeddable":true,"href":"https:\/\/www.europesays.com\/fr\/wp-json\/wp\/v2\/comments?post=622245"}],"version-history":[{"count":0,"href":"https:\/\/www.europesays.com\/fr\/wp-json\/wp\/v2\/posts\/622245\/revisions"}],"wp:featuredmedia":[{"embeddable":true,"href":"https:\/\/www.europesays.com\/fr\/wp-json\/wp\/v2\/media\/622246"}],"wp:attachment":[{"href":"https:\/\/www.europesays.com\/fr\/wp-json\/wp\/v2\/media?parent=622245"}],"wp:term":[{"taxonomy":"category","embeddable":true,"href":"https:\/\/www.europesays.com\/fr\/wp-json\/wp\/v2\/categories?post=622245"},{"taxonomy":"post_tag","embeddable":true,"href":"https:\/\/www.europesays.com\/fr\/wp-json\/wp\/v2\/tags?post=622245"}],"curies":[{"name":"wp","href":"https:\/\/api.w.org\/{rel}","templated":true}]}}