{"id":622247,"date":"2025-12-25T22:21:15","date_gmt":"2025-12-25T22:21:15","guid":{"rendered":"https:\/\/www.europesays.com\/fr\/622247\/"},"modified":"2025-12-25T22:21:15","modified_gmt":"2025-12-25T22:21:15","slug":"un-joueur-arrive-a-rennes-ce-netait-pas-prevu","status":"publish","type":"post","link":"https:\/\/www.europesays.com\/fr\/622247\/","title":{"rendered":"Un joueur arrive \u00e0 Rennes, ce n\u2019\u00e9tait pas pr\u00e9vu"},"content":{"rendered":"<p><b>Rennes doit recruter un milieu de terrain cet hiver, et un joueur risque d&rsquo;arriver \u00e0 ce poste. Pas forc\u00e9ment celui qui \u00e9tait attendu par la direction bretonne. <\/b><\/p>\n<p>Le <a href=\"https:\/\/www.foot01.com\/mercato\" title=\"Mercato\" target=\"_blank\" rel=\"noopener\">mercato<\/a> estival 2024 du <a href=\"https:\/\/www.foot01.com\/rennes\" target=\"_self\" rel=\"noopener\">Stade Rennais<\/a> restera comme l\u2019un des pires de l\u2019histoire du club breton. Aucun joueur n\u2019a vraiment r\u00e9ussi \u00e0 s\u2019imposer, et les \u00ab\u00a0Rouge et Noir\u00a0\u00bb continuent de trainer certains \u00e9l\u00e9ments comme des boulets. Glen Kamara est toujours dans l\u2019effectif, et de nombreux autres joueurs ont \u00e9t\u00e9 sortis de Bretagne \u00e0 l\u2019arrach\u00e9e. C\u2019est le cas d\u2019Albert Gronbaek, arriv\u00e9 de Bodo Glimt avec la r\u00e9putation d\u2019un feu follet capable d\u2019animer le jeu de son \u00e9quipe. Le Danois n\u2019a jamais r\u00e9ussi \u00e0 s\u2019imposer dans le physique championnat de France, volant en \u00e9clat \u00e0 chaque contact.\u00a0Rennes manque de solution pour Gronbaek<\/p>\n<p>Achet\u00e9 15 ME, il n\u2019a m\u00eame pas disput\u00e9 20 matchs avec le Stade Rennais avant de rejoindre Southampton en pr\u00eat, o\u00f9 il n\u2019a jou\u00e9 que cinq rencontres. Cet \u00e9t\u00e9, les pensionnaires du Roazhon Park l\u2019ont r\u00e9cup\u00e9r\u00e9 et l\u2019ont de nouveau pr\u00eat\u00e9, au Genoa. Une nouvelle aventure d\u00e9cevante pour Gronbaek, qui pourrait revenir plus t\u00f4t que pr\u00e9vu \u00e0 Rennes. C\u2019est en effet l\u2019information d\u00e9voil\u00e9e par le sp\u00e9cialiste du mercato Nicolo Schira, pour qui la formation italienne ne veut plus entendre parler du Danois.<\/p>\n<p>Le Genoa souhaite casser le pr\u00eat du milieu offensif afin de faire de la place dans l\u2019effectif, m\u00eame si Rennes a le dernier mot. Toutefois, laisser Gronbaek dans les tribunes pendant six mois ne rend pas service au club breton, qui verrait la valeur du Danois s\u2019\u00e9crouler une fois de plus. A la recherche d\u2019un milieu de terrain cet hiver, le Stade Rennais pourrait \u00eatre tent\u00e9 de relancer son joueur dans un effectif qui tourne mieux actuellement. Une solution provisoire en guise de deuxi\u00e8me chance pour Albert Gronbaek, dont la carri\u00e8re est au point mort depuis 18 mois d\u00e9sormais.<\/p>\n","protected":false},"excerpt":{"rendered":"Rennes doit recruter un milieu de terrain cet hiver, et un joueur risque d&rsquo;arriver \u00e0 ce poste. Pas&hellip;\n","protected":false},"author":2,"featured_media":622248,"comment_status":"","ping_status":"","sticky":false,"template":"","format":"standard","meta":{"footnotes":""},"categories":[2821],"tags":[1111,11,829,1777,674,1011,27,1434,12,584,25,67],"class_list":{"0":"post-622247","1":"post","2":"type-post","3":"status-publish","4":"format-standard","5":"has-post-thumbnail","7":"category-rennes","8":"tag-actu","9":"tag-actualites","10":"tag-bretagne","11":"tag-eu","12":"tag-europe","13":"tag-fr","14":"tag-france","15":"tag-mercato","16":"tag-news","17":"tag-rennes","18":"tag-republique-francaise","19":"tag-serie-a"},"share_on_mastodon":{"url":"https:\/\/pubeurope.com\/@fr\/115782542480725931","error":""},"_links":{"self":[{"href":"https:\/\/www.europesays.com\/fr\/wp-json\/wp\/v2\/posts\/622247","targetHints":{"allow":["GET"]}}],"collection":[{"href":"https:\/\/www.europesays.com\/fr\/wp-json\/wp\/v2\/posts"}],"about":[{"href":"https:\/\/www.europesays.com\/fr\/wp-json\/wp\/v2\/types\/post"}],"author":[{"embeddable":true,"href":"https:\/\/www.europesays.com\/fr\/wp-json\/wp\/v2\/users\/2"}],"replies":[{"embeddable":true,"href":"https:\/\/www.europesays.com\/fr\/wp-json\/wp\/v2\/comments?post=622247"}],"version-history":[{"count":0,"href":"https:\/\/www.europesays.com\/fr\/wp-json\/wp\/v2\/posts\/622247\/revisions"}],"wp:featuredmedia":[{"embeddable":true,"href":"https:\/\/www.europesays.com\/fr\/wp-json\/wp\/v2\/media\/622248"}],"wp:attachment":[{"href":"https:\/\/www.europesays.com\/fr\/wp-json\/wp\/v2\/media?parent=622247"}],"wp:term":[{"taxonomy":"category","embeddable":true,"href":"https:\/\/www.europesays.com\/fr\/wp-json\/wp\/v2\/categories?post=622247"},{"taxonomy":"post_tag","embeddable":true,"href":"https:\/\/www.europesays.com\/fr\/wp-json\/wp\/v2\/tags?post=622247"}],"curies":[{"name":"wp","href":"https:\/\/api.w.org\/{rel}","templated":true}]}}