{"id":622249,"date":"2025-12-25T22:22:21","date_gmt":"2025-12-25T22:22:21","guid":{"rendered":"https:\/\/www.europesays.com\/fr\/622249\/"},"modified":"2025-12-25T22:22:21","modified_gmt":"2025-12-25T22:22:21","slug":"massage-corps-a-strasbourg-67-bien-etre-date-horaires-tarifs","status":"publish","type":"post","link":"https:\/\/www.europesays.com\/fr\/622249\/","title":{"rendered":"Massage corps \u00e0 Strasbourg (67), Bien-\u00eatre : date, horaires, tarifs"},"content":{"rendered":"<p class=\"fw-bold font-size-16 my-1\"> 3 ruelle de la cuill\u00e8re \u00e0 pot | <a href=\"https:\/\/www.jds.fr\/strasbourg\/\" target=\"_blank\" rel=\"noopener\">Strasbourg<\/a><\/p>\n<p class=\"fw-bold font-size-16 my-1\"> Payant  (<a href=\"#tarifs\" class=\"js-scrollTo\">voir les d\u00e9tails<\/a>)<\/p>\n<ul class=\"list-unstyled d-flex flex-wrap mt-2\">\n<li class=\"me-2 mb-2\">cocooning<\/li>\n<li class=\"me-2 mb-2\">d\u00e9tente<\/li>\n<li class=\"me-2 mb-2\">adultes<\/li>\n<li class=\"me-2 mb-2\">payant<\/li>\n<li class=\"me-2 mb-2\">int\u00e9rieur<\/li>\n<li class=\"me-2 mb-2\">centre-ville<\/li>\n<li class=\"me-2 mb-2\">toute l\u2019ann\u00e9e<\/li>\n<li class=\"me-2 mb-2\">bien-\u00eatre<\/li>\n<li class=\"me-2 mb-2\">id\u00e9e cadeau<\/li>\n<li class=\"me-2 mb-2\">d\u00e9tente\u00a0\u00a0<\/li>\n<\/ul>\n<p><a class=\"btn btn-lg shadow-lg btn-primary rounded-pill fnac_link\" data-fnac=\"haut\" href=\"https:\/\/lb.affilae.com\/r\/?p=5f7dd9b02760126e01e487b3&amp;af=628&amp;lp=https%3A%2F%2Fwww.funbooker.com%2Ffr%2Fannonce%2Fmassage-corps-a-strasbourg-67%2Fvoir%3Futm_source%3Daffilae%26utm_medium%3Djds\" target=\"_blank\" rel=\"nofollow noopener\"> Acheter des billets<\/a><\/p>\n<p>Plongez dans un univers de relaxation et de bien-\u00eatre avec les massages d\u2019Anne, con\u00e7us pour apaiser et revitaliser le corps. Situ\u00e9 en plein c\u0153ur de Strasbourg, son salon vous invite \u00e0 vivre une exp\u00e9rience unique, o\u00f9 chaque modelage est personnalis\u00e9 pour r\u00e9pondre \u00e0 vos besoins sp\u00e9cifiques.<\/p>\n<p><a data-lightbox=\"article\" data-title=\"Massage corps \u00e0 Strasbourg (67) DR\" class=\"image detail fullwidth  position-relative d-block\" href=\"https:\/\/www.jds.fr\/medias\/image\/massage-corps-a-strasbourg-67-804677-920-0-F.webp\" title=\"Massage corps \u00e0 Strasbourg (67) DR\" target=\"_blank\" rel=\"noopener\"><br \/>\n<img decoding=\"async\" loading=\"lazy\" src=\"https:\/\/www.europesays.com\/fr\/wp-content\/uploads\/2025\/12\/massage-corps-a-strasbourg-67-804677-1200-0.webp.webp\"   width=\"685\" alt=\"Massage corps \u00e0 Strasbourg (67)\" class=\"border\"\/><br \/>\nDR<br \/>\nMassage corps \u00e0 Strasbourg (67)<br \/>\n<\/a><\/p>\n<p>Plusieurs formules vous sont propos\u00e9es\u00a0:<\/p>\n<ul>\n<li><strong>Massage californien-su\u00e9dois<\/strong>\u00a0: Il s\u2019agit d\u2019un mix entre un massage californien et un massage su\u00e9dois. Tr\u00e8s complet, il agit sur l\u2019ensemble du corps et se r\u00e9v\u00e8le particuli\u00e8rement efficace pour d\u00e9nouer les tensions musculaires. C\u2019est la prestation id\u00e9ale pour les sportifs.<\/li>\n<li><strong>Massage ayurv\u00e9dique<\/strong>\u00a0: Massage de relaxation originaire d\u2019Inde. Complet, il d\u00e9tend et aide \u00e0 faire circuler l\u2019\u00e9nergie gr\u00e2ce \u00e0 des mouvements amples et enveloppants. R\u00e9alis\u00e9 avec de l\u2019huile chaude, il offre une d\u00e9tente absolue du corps et de l\u2019esprit.<\/li>\n<li><strong>Massage sp\u00e9cial dos<\/strong>\u00a0: Les personnes stress\u00e9es ont tendance \u00e0 ne pas rel\u00e2cher leurs \u00e9paules et leurs trap\u00e8zes. Pratiqu\u00e9 sur table, ce massage est tr\u00e8s efficace pour soulager ces zones. Il est con\u00e7u pour induire une d\u00e9tente profonde et \u00e9liminer les tensions nerveuses.<\/li>\n<\/ul>\n<p>\u00c0 vivre ou \u00e0 offrir, ces massages vous procureront une v\u00e9ritable pause-d\u00e9tente, pour un pur moment de relaxation et de bien-\u00eatre.<\/p>\n<p>            Renseignements<\/p>\n<p><strong class=\"font-size-18\">O\u00f9\u00a0:<\/strong><br \/> 3 ruelle de la cuill\u00e8re \u00e0 pot<a class=\"mt-1 d-block ps-4\" href=\"https:\/\/www.jds.fr\/strasbourg\/\" target=\"_blank\" rel=\"noopener\"> 67000 Strasbourg<\/a><\/p>\n<p>Tarifs et billetterie\u00a0: <\/p>\n<p>Massage californien su\u00e9dois &#8211; 1h, Prix \/ personne : 90\u00a0\u20ac<br \/>Massage ayurv\u00e9dique &#8211; 1h, Prix \/ personne : 90\u00a0\u20ac<br \/>Massage sp\u00e9cial dos &#8211; 1h, Prix \/ personne : 90\u00a0\u20ac<br \/>Massage californien su\u00e9dois &#8211; 1h30, Prix \/ personne : 130\u00a0\u20ac<br \/>Massage ayurv\u00e9dique &#8211; 1h30, Prix \/ personne : 130\u00a0\u20ac<br \/>Massage sp\u00e9cial dos &#8211; 1h30, Prix \/ personne : 130\u00a0\u20ac<\/p>\n<p>Les actualit\u00e9s \u00e0 Strasbourg<\/p>\n<ul class=\"mt-3 list-unstyled list-articles-v2\" id=\"liste-dates-694db914ed03c\">\n<li class=\"col-12 pt-4\" data-view-id-type=\"1\" data-view-id=\"1303452\" data-view-bc=\"0\"><a class=\"image\" href=\"https:\/\/www.jds.fr\/strasbourg\/magazine\/sorties-du-week-end\/strasbourg-notre-selection-de-sorties-du-week-end-du-26-au-28-decembre-1303452_A\" target=\"_blank\" rel=\"noopener\"><img decoding=\"async\" loading=\"lazy\" src=\"https:\/\/www.europesays.com\/fr\/wp-content\/uploads\/2025\/12\/nl-2023-808463-180-180.webp.webp\" width=\"180\" height=\"180\" alt=\"Strasbourg : notre s\u00e9lection de sorties du week-end du 26 au 28 d\u00e9cembre\" class=\"border\"\/><\/a><\/li>\n<li class=\"col-12 pt-4\" data-view-id-type=\"1\" data-view-id=\"1289835\" data-view-bc=\"0\"><a class=\"image\" href=\"https:\/\/www.jds.fr\/strasbourg\/magazine\/actu-magazine\/cahier-d-activites-en-alsacien-pour-enfants-le-feriespass-de-l-olca-1289835_A\" target=\"_blank\" rel=\"noopener\"><img decoding=\"async\" loading=\"lazy\" src=\"https:\/\/www.europesays.com\/fr\/wp-content\/uploads\/2025\/12\/cahier-d-activites-en-alsacien-pour-enfants-le-fer-796676-180-180.webp.webp\" width=\"180\" height=\"180\" alt=\"Cahier d'activit\u00e9s en alsacien pour enfants : le Feriesp\u00e0ss de l'OLCA\" class=\"border\"\/><\/a><\/li>\n<li class=\"col-12 pt-4\" data-view-id-type=\"1\" data-view-id=\"1283751\" data-view-bc=\"0\"><a class=\"image\" href=\"https:\/\/www.jds.fr\/strasbourg\/magazine\/actu-magazine\/noel-solidaire-a-strasbourg-l-armee-du-salut-relance-ses-marmites-de-noel-1283751_A\" target=\"_blank\" rel=\"noopener\"><img decoding=\"async\" loading=\"lazy\" src=\"https:\/\/www.europesays.com\/fr\/wp-content\/uploads\/2025\/12\/marmites-de-noel-de-l-armee-du-salut-a-strasbourg-793634-180-180.webp.webp\" width=\"180\" height=\"180\" alt=\"No\u00ebl solidaire \u00e0 Strasbourg : l\u2019Arm\u00e9e du Salut relance ses Marmites de No\u00ebl\" class=\"border\"\/><\/a><\/li>\n<\/ul>\n<p><a href=\"https:\/\/www.jds.fr\/strasbourg\/magazine\/\" class=\"btn btn-outline-primary py-2 px-4\" target=\"_blank\" rel=\"noopener\">Voir toutes les actualit\u00e9s \u00e0 Strasbourg<\/a><br \/>\n<a class=\"gp_div_clic_event\" data-id=\"3967\" rel=\"nofollow noopener\" href=\"https:\/\/www.jds.fr\/scripts\/gp_div_clic.php?redirection&amp;id=3967&amp;format=18\" target=\"_blank\"><img decoding=\"async\" loading=\"lazy\" src=\"https:\/\/www.europesays.com\/fr\/wp-content\/uploads\/2025\/12\/2025-insertion-publicitaire-noel-jds-pave-300x600px.jpg\" alt=\"Publicit\u00e9\" border=\"0\" width=\"300\"\/><\/a><\/p>\n<p class=\"mt-0 mb-3 h2\">Newsletter JDS Strasbourg<\/p>\n<p class=\"font-size-18 fw-normal lh-sm\">Pr\u00eat pour un week-end de folie\u00a0? Chaque jeudi tous les bons plans sorties<\/p>\n","protected":false},"excerpt":{"rendered":"3 ruelle de la cuill\u00e8re \u00e0 pot | Strasbourg Payant (voir les d\u00e9tails) cocooning d\u00e9tente adultes payant int\u00e9rieur&hellip;\n","protected":false},"author":2,"featured_media":622250,"comment_status":"","ping_status":"","sticky":false,"template":"","format":"standard","meta":{"footnotes":""},"categories":[2820],"tags":[1111,11,1777,674,1011,27,775,12,25,640],"class_list":{"0":"post-622249","1":"post","2":"type-post","3":"status-publish","4":"format-standard","5":"has-post-thumbnail","7":"category-strasbourg","8":"tag-actu","9":"tag-actualites","10":"tag-eu","11":"tag-europe","12":"tag-fr","13":"tag-france","14":"tag-grand-est","15":"tag-news","16":"tag-republique-francaise","17":"tag-strasbourg"},"share_on_mastodon":{"url":"https:\/\/pubeurope.com\/@fr\/115782547360677026","error":""},"_links":{"self":[{"href":"https:\/\/www.europesays.com\/fr\/wp-json\/wp\/v2\/posts\/622249","targetHints":{"allow":["GET"]}}],"collection":[{"href":"https:\/\/www.europesays.com\/fr\/wp-json\/wp\/v2\/posts"}],"about":[{"href":"https:\/\/www.europesays.com\/fr\/wp-json\/wp\/v2\/types\/post"}],"author":[{"embeddable":true,"href":"https:\/\/www.europesays.com\/fr\/wp-json\/wp\/v2\/users\/2"}],"replies":[{"embeddable":true,"href":"https:\/\/www.europesays.com\/fr\/wp-json\/wp\/v2\/comments?post=622249"}],"version-history":[{"count":0,"href":"https:\/\/www.europesays.com\/fr\/wp-json\/wp\/v2\/posts\/622249\/revisions"}],"wp:featuredmedia":[{"embeddable":true,"href":"https:\/\/www.europesays.com\/fr\/wp-json\/wp\/v2\/media\/622250"}],"wp:attachment":[{"href":"https:\/\/www.europesays.com\/fr\/wp-json\/wp\/v2\/media?parent=622249"}],"wp:term":[{"taxonomy":"category","embeddable":true,"href":"https:\/\/www.europesays.com\/fr\/wp-json\/wp\/v2\/categories?post=622249"},{"taxonomy":"post_tag","embeddable":true,"href":"https:\/\/www.europesays.com\/fr\/wp-json\/wp\/v2\/tags?post=622249"}],"curies":[{"name":"wp","href":"https:\/\/api.w.org\/{rel}","templated":true}]}}