{"id":622251,"date":"2025-12-25T22:23:16","date_gmt":"2025-12-25T22:23:16","guid":{"rendered":"https:\/\/www.europesays.com\/fr\/622251\/"},"modified":"2025-12-25T22:23:16","modified_gmt":"2025-12-25T22:23:16","slug":"maxime-ahrweiller-sous-prefete-de-strasbourg-detaille-la-strategie-de-la-ville-pour-les-personnes-vulnerables","status":"publish","type":"post","link":"https:\/\/www.europesays.com\/fr\/622251\/","title":{"rendered":"Maxime Ahrweiller, sous-pr\u00e9f\u00e8te de Strasbourg, d\u00e9taille la strat\u00e9gie de la ville pour les personnes vuln\u00e9rables"},"content":{"rendered":"<p>Plan \u00ab\u00a0grand froid\u00a0\u00bb: Maxime Ahrweiller, sous-pr\u00e9f\u00e8te de Strasbourg, d\u00e9taille la strat\u00e9gie de la ville pour les personnes vuln\u00e9rablesSur le m\u00eame sujet<a href=\"https:\/\/www.bfmtv.com\/societe\/video-plan-grand-froid-a-nantes-la-prefecture-ouvre-plusieurs-centres-d-hebergement-d-urgence_VN-202512250384.html\" title=\"Plan &quot;grand froid&quot;: \u00e0 Nantes, la pr\u00e9fecture ouvre plusieurs centres d&#039;h\u00e9bergement d&#039;urgence\" target=\"_blank\" rel=\"noopener\"><img width=\"16\" height=\"9\" class=\"lozad\"  alt=\"Plan &quot;grand froid&quot;: \u00e0 Nantes, la pr\u00e9fecture ouvre plusieurs centres d'h\u00e9bergement d'urgence\"\/>1:40Plan \u00ab\u00a0grand froid\u00a0\u00bb: \u00e0 Nantes, la pr\u00e9fecture ouvre plusieurs centres d&rsquo;h\u00e9bergement d&rsquo;urgence<\/a><a href=\"https:\/\/www.bfmtv.com\/societe\/insolite\/video-aux-etats-unis-deux-hommes-saccagent-une-superette-en-tentant-de-voler-un-distributeur-de-billets_VN-202512250375.html\" title=\" Aux Etats-Unis, deux hommes saccagent une sup\u00e9rette en tentant de voler un distributeur de billets \" target=\"_blank\" rel=\"noopener\"><img width=\"16\" height=\"9\" class=\"lozad\"  alt=\" Aux Etats-Unis, deux hommes saccagent une sup\u00e9rette en tentant de voler un distributeur de billets \"\/>0:49Aux Etats-Unis, deux hommes saccagent une sup\u00e9rette en tentant de voler un distributeur de billets<\/a><a href=\"https:\/\/www.bfmtv.com\/societe\/video-les-eclaireurs-les-niveaux-du-plan-grand-froid_VN-202512250312.html\" title=\"LES \u00c9CLAIREURS - Les niveaux du plan grand froid\" target=\"_blank\" rel=\"noopener\"><img width=\"16\" height=\"9\" class=\"lozad\"  alt=\"LES \u00c9CLAIREURS - Les niveaux du plan grand froid\"\/>2:22LES \u00c9CLAIREURS &#8211; Les niveaux du plan grand froid<\/a><a href=\"https:\/\/www.bfmtv.com\/societe\/video-plan-grand-froid-nous-renforcons-nos-maraudes-de-25-a-50-detaille-lea-faulcon-secouriste-benevole-de-la-protection-civile-paris-seine_VN-202512250311.html\" title=\"Plan grand froid: &quot;Nous renfor\u00e7ons nos maraudes de 25 \u00e0 50%&quot;, d\u00e9taille L\u00e9a Faulcon, secouriste-b\u00e9n\u00e9vole de la Protection Civile Paris-Seine\" target=\"_blank\" rel=\"noopener\"><img width=\"16\" height=\"9\" class=\"lozad\"  alt=\"Plan grand froid: &quot;Nous renfor\u00e7ons nos maraudes de 25 \u00e0 50%&quot;, d\u00e9taille L\u00e9a Faulcon, secouriste-b\u00e9n\u00e9vole de la Protection Civile Paris-Seine\"\/>1:28Plan grand froid: \u00ab\u00a0Nous renfor\u00e7ons nos maraudes de 25 \u00e0 50%\u00a0\u00bb, d\u00e9taille L\u00e9a Faulcon, secouriste-b\u00e9n\u00e9vole de la Protection Civile Paris-Seine<\/a><a href=\"https:\/\/www.bfmtv.com\/societe\/insolite\/video-vous-avez-votre-permis-pere-noel-lors-d-un-simple-controle-routier-le-sherif-tombe-sur-un-homme-un-peu-trop-presse_VN-202512250310.html\" title=\" &quot;Vous avez votre permis, P\u00e8re No\u00ebl ?&quot;, lors d&#039;un simple contr\u00f4le routier le sh\u00e9rif tombe sur un homme un peu trop press\u00e9\" target=\"_blank\" rel=\"noopener\"><img width=\"16\" height=\"9\" class=\"lozad\"  alt=\" &quot;Vous avez votre permis, P\u00e8re No\u00ebl ?&quot;, lors d'un simple contr\u00f4le routier le sh\u00e9rif tombe sur un homme un peu trop press\u00e9\"\/>0:35&Prime;Vous avez votre permis, P\u00e8re No\u00ebl ?\u00a0\u00bb, lors d&rsquo;un simple contr\u00f4le routier le sh\u00e9rif tombe sur un homme un peu trop press\u00e9<\/a><a href=\"https:\/\/www.bfmtv.com\/societe\/video-plan-grand-froid-avec-le-changement-climatique-on-a-des-temperatures-extremes-qui-arrivent-de-plus-en-plus-observe-ali-afdjei-medecin-urgentiste_VN-202512250309.html\" title=\"Plan &quot;grand froid&quot;: &quot;Avec le changement climatique, on a des [temp\u00e9ratures] extr\u00eames qui arrivent de plus en plus&quot;, observe Ali Afdjei, m\u00e9decin urgentiste\" target=\"_blank\" rel=\"noopener\"><img width=\"16\" height=\"9\" class=\"lozad\"  alt=\"Plan &quot;grand froid&quot;: &quot;Avec le changement climatique, on a des [temp\u00e9ratures] extr\u00eames qui arrivent de plus en plus&quot;, observe Ali Afdjei, m\u00e9decin urgentiste\"\/>1:21Plan \u00ab\u00a0grand froid\u00a0\u00bb: \u00ab\u00a0Avec le changement climatique, on a des [temp\u00e9ratures] extr\u00eames qui arrivent de plus en plus\u00a0\u00bb, observe Ali Afdjei, m\u00e9decin urgentiste<\/a><a href=\"https:\/\/www.bfmtv.com\/societe\/video-plan-grand-froid-maxime-ahrweiller-sous-prefete-de-strasbourg-detaille-la-strategie-de-la-ville-pour-les-personnes-vulnerables_VN-202512250297.html\" title=\"Plan &quot;grand froid&quot;: Maxime Ahrweiller, sous-pr\u00e9f\u00e8te de Strasbourg, d\u00e9taille la strat\u00e9gie de la ville pour les personnes vuln\u00e9rables\" target=\"_blank\" rel=\"noopener\"><img width=\"16\" height=\"9\" class=\"lozad\"  alt=\"Plan &quot;grand froid&quot;: Maxime Ahrweiller, sous-pr\u00e9f\u00e8te de Strasbourg, d\u00e9taille la strat\u00e9gie de la ville pour les personnes vuln\u00e9rables\"\/>en lecturePlan \u00ab\u00a0grand froid\u00a0\u00bb: Maxime Ahrweiller, sous-pr\u00e9f\u00e8te de Strasbourg, d\u00e9taille la strat\u00e9gie de la ville pour les personnes vuln\u00e9rables<\/a><a href=\"https:\/\/www.bfmtv.com\/societe\/video-le-plan-grand-froid-est-declenche-dans-une-partie-du-pays_VN-202512250296.html\" title=\"Le plan &quot;grand froid&quot; est d\u00e9clench\u00e9 dans une partie du pays\" target=\"_blank\" rel=\"noopener\"><img width=\"16\" height=\"9\" class=\"lozad\"  alt=\"Le plan &quot;grand froid&quot; est d\u00e9clench\u00e9 dans une partie du pays\"\/>1:25Le plan \u00ab\u00a0grand froid\u00a0\u00bb est d\u00e9clench\u00e9 dans une partie du pays<\/a><a href=\"https:\/\/www.bfmtv.com\/societe\/video-il-ne-faut-pas-lacher-les-agriculteurs-toujours-en-place-dans-le-sud-ouest_VN-202512250268.html\" title=\"&quot;Il ne faut pas l\u00e2cher&quot;: les agriculteurs toujours en place dans le Sud-Ouest\" target=\"_blank\" rel=\"noopener\"><img width=\"16\" height=\"9\" class=\"lozad\"  alt=\"&quot;Il ne faut pas l\u00e2cher&quot;: les agriculteurs toujours en place dans le Sud-Ouest\"\/>2:06&Prime;Il ne faut pas l\u00e2cher\u00a0\u00bb: les agriculteurs toujours en place dans le Sud-Ouest<\/a><a href=\"https:\/\/www.bfmtv.com\/societe\/video-messe-de-noel-au-vatican-ce-qu-il-faut-retenir-de-la-benediction-du-pape_VN-202512250227.html\" title=\"Messe de No\u00ebl au Vatican: ce qu&#039;il faut retenir de la b\u00e9n\u00e9diction du pape\" target=\"_blank\" rel=\"noopener\"><img width=\"16\" height=\"9\" class=\"lozad\"  alt=\"Messe de No\u00ebl au Vatican: ce qu'il faut retenir de la b\u00e9n\u00e9diction du pape\"\/>1:09Messe de No\u00ebl au Vatican: ce qu&rsquo;il faut retenir de la b\u00e9n\u00e9diction du pape<\/a><a href=\"https:\/\/www.bfmtv.com\/societe\/video-reveillon-de-noel-le-moment-d-ouvrir-les-cadeaux-est-arrive_VN-202512250225.html\" title=\"R\u00e9veillon de No\u00ebl: le moment d&#039;ouvrir les cadeaux est arriv\u00e9\" target=\"_blank\" rel=\"noopener\"><img width=\"16\" height=\"9\" class=\"lozad\"  alt=\"R\u00e9veillon de No\u00ebl: le moment d'ouvrir les cadeaux est arriv\u00e9\"\/>1:13R\u00e9veillon de No\u00ebl: le moment d&rsquo;ouvrir les cadeaux est arriv\u00e9<\/a><a href=\"https:\/\/www.bfmtv.com\/societe\/video-nous-prions-tout-particulierement-pour-le-peuple-ukrainien-meurtri-declare-le-pape-leon-xiv-lors-de-la-benediction-de-noel_VN-202512250220.html\" title=\"&quot;Nous prions tout particuli\u00e8rement pour le peuple ukrainien meurtri&quot;, d\u00e9clare le pape L\u00e9on XIV lors de la b\u00e9n\u00e9diction de No\u00ebl\" target=\"_blank\" rel=\"noopener\"><img width=\"16\" height=\"9\" class=\"lozad\"  alt=\"&quot;Nous prions tout particuli\u00e8rement pour le peuple ukrainien meurtri&quot;, d\u00e9clare le pape L\u00e9on XIV lors de la b\u00e9n\u00e9diction de No\u00ebl\"\/>1:45&Prime;Nous prions tout particuli\u00e8rement pour le peuple ukrainien meurtri\u00a0\u00bb, d\u00e9clare le pape L\u00e9on XIV lors de la b\u00e9n\u00e9diction de No\u00ebl<\/a><a href=\"https:\/\/www.bfmtv.com\/societe\/video-que-la-paix-du-christ-regne-dans-vos-c-ur-et-vos-familles-le-pape-s-exprime-en-francais-lors-de-la-messe-de-noel_VN-202512250219.html\" title=\"&quot;Que la paix du Christ r\u00e8gne dans vos c\u0153ur et vos familles&quot;: le pape s&#039;exprime en fran\u00e7ais lors de la messe de No\u00ebl\" target=\"_blank\" rel=\"noopener\"><img width=\"16\" height=\"9\" class=\"lozad\"  alt=\"&quot;Que la paix du Christ r\u00e8gne dans vos c\u0153ur et vos familles&quot;: le pape s'exprime en fran\u00e7ais lors de la messe de No\u00ebl\"\/>0:43&Prime;Que la paix du Christ r\u00e8gne dans vos c\u0153ur et vos familles\u00a0\u00bb: le pape s&rsquo;exprime en fran\u00e7ais lors de la messe de No\u00ebl<\/a><a href=\"https:\/\/www.bfmtv.com\/societe\/video-nous-invoquons-la-paix-et-la-stabilite-pour-le-liban-la-palestine-israel-et-la-syrie-declare-le-pape-leon-xiv_VN-202512250217.html\" title=\"&quot;Nous invoquons la paix et la stabilit\u00e9 pour le Liban, la Palestine, Isra\u00ebl et la Syrie&quot;, d\u00e9clare le pape L\u00e9on XIV\" target=\"_blank\" rel=\"noopener\"><img width=\"16\" height=\"9\" class=\"lozad\"  alt=\"&quot;Nous invoquons la paix et la stabilit\u00e9 pour le Liban, la Palestine, Isra\u00ebl et la Syrie&quot;, d\u00e9clare le pape L\u00e9on XIV\"\/>1:09&Prime;Nous invoquons la paix et la stabilit\u00e9 pour le Liban, la Palestine, Isra\u00ebl et la Syrie\u00a0\u00bb, d\u00e9clare le pape L\u00e9on XIV<\/a><a class=\"jumpToVideo\" target=\"_blank\"><img class=\"thumbnailPreview\"\/><\/a><\/p>\n","protected":false},"excerpt":{"rendered":"Plan \u00ab\u00a0grand froid\u00a0\u00bb: Maxime Ahrweiller, sous-pr\u00e9f\u00e8te de Strasbourg, d\u00e9taille la strat\u00e9gie de la ville pour les personnes vuln\u00e9rablesSur&hellip;\n","protected":false},"author":2,"featured_media":622252,"comment_status":"","ping_status":"","sticky":false,"template":"","format":"standard","meta":{"footnotes":""},"categories":[2820],"tags":[1111,11,1777,674,1011,27,775,12,25,640],"class_list":{"0":"post-622251","1":"post","2":"type-post","3":"status-publish","4":"format-standard","5":"has-post-thumbnail","7":"category-strasbourg","8":"tag-actu","9":"tag-actualites","10":"tag-eu","11":"tag-europe","12":"tag-fr","13":"tag-france","14":"tag-grand-est","15":"tag-news","16":"tag-republique-francaise","17":"tag-strasbourg"},"share_on_mastodon":{"url":"https:\/\/pubeurope.com\/@fr\/115782549689150252","error":""},"_links":{"self":[{"href":"https:\/\/www.europesays.com\/fr\/wp-json\/wp\/v2\/posts\/622251","targetHints":{"allow":["GET"]}}],"collection":[{"href":"https:\/\/www.europesays.com\/fr\/wp-json\/wp\/v2\/posts"}],"about":[{"href":"https:\/\/www.europesays.com\/fr\/wp-json\/wp\/v2\/types\/post"}],"author":[{"embeddable":true,"href":"https:\/\/www.europesays.com\/fr\/wp-json\/wp\/v2\/users\/2"}],"replies":[{"embeddable":true,"href":"https:\/\/www.europesays.com\/fr\/wp-json\/wp\/v2\/comments?post=622251"}],"version-history":[{"count":0,"href":"https:\/\/www.europesays.com\/fr\/wp-json\/wp\/v2\/posts\/622251\/revisions"}],"wp:featuredmedia":[{"embeddable":true,"href":"https:\/\/www.europesays.com\/fr\/wp-json\/wp\/v2\/media\/622252"}],"wp:attachment":[{"href":"https:\/\/www.europesays.com\/fr\/wp-json\/wp\/v2\/media?parent=622251"}],"wp:term":[{"taxonomy":"category","embeddable":true,"href":"https:\/\/www.europesays.com\/fr\/wp-json\/wp\/v2\/categories?post=622251"},{"taxonomy":"post_tag","embeddable":true,"href":"https:\/\/www.europesays.com\/fr\/wp-json\/wp\/v2\/tags?post=622251"}],"curies":[{"name":"wp","href":"https:\/\/api.w.org\/{rel}","templated":true}]}}