{"id":622253,"date":"2025-12-25T22:25:17","date_gmt":"2025-12-25T22:25:17","guid":{"rendered":"https:\/\/www.europesays.com\/fr\/622253\/"},"modified":"2025-12-25T22:25:17","modified_gmt":"2025-12-25T22:25:17","slug":"avec-le-ballet-de-lopera-de-nice-benjamin-millepied-revisite-son-casse-noisette-pop","status":"publish","type":"post","link":"https:\/\/www.europesays.com\/fr\/622253\/","title":{"rendered":"Avec le Ballet de l\u2019Op\u00e9ra de Nice, Benjamin Millepied revisite son \u00ab\u00a0Casse-Noisette\u00a0\u00bb pop"},"content":{"rendered":"<p>                     <img loading=\"lazy\" decoding=\"async\" src=\"https:\/\/www.europesays.com\/fr\/wp-content\/uploads\/2025\/12\/76548eb_upload-1-uslmmuusgvy2-032-c1a3041.jpg\" alt=\"\u00ab\u00a0Casse-Noisette\u00a0\u00bb, chor\u00e9graphi\u00e9 par Benjamin Millepied, avec le Ballet de l\u2019Op\u00e9ra Nice C\u00f4te d\u2019Azur, en d\u00e9cembre 2025.\"   width=\"664\" height=\"443\"\/>    \u00ab\u00a0Casse-Noisette\u00a0\u00bb, chor\u00e9graphi\u00e9 par Benjamin Millepied, avec le Ballet de l\u2019Op\u00e9ra Nice C\u00f4te d\u2019Azur, en d\u00e9cembre 2025.  MATHILDE FANET                 <\/p>\n<p class=\"article__paragraph  \">Pour les f\u00eates, c\u2019est Casse-Noisette\u00a0! Le ballet de No\u00ebl, parmi les plus courus du public, notamment anglo-saxon, colle impeccablement avec l\u2019euphorie de la fin d\u2019ann\u00e9e. Sapin enguirland\u00e9, ribambelle de cadeaux, retrouvailles familiales, le r\u00e9veillon fait sauter les bouchons et livre une carte postale scintillante de divertissement au pays des jouets.<\/p>\n<p>                                   Lire la critique (en 2005)\u00a0:  <a href=\"https:\/\/www.lemonde.fr\/culture\/article\/2005\/12\/26\/le-joli-casse-noisette-de-benjamin-millepied-valeur-montante_724725_3246.html\" class=\"js-article-read-also catcher--favoris__link\" data-premium=\"\" id=\"article-title-788782\" target=\"_blank\" rel=\"noopener\">Le joli \u00ab\u00a0Casse-Noisette\u00a0\u00bb de Benjamin Millepied, valeur montante<\/a>    <\/p>\n<p>   Lire plus tard  <\/p>\n<p class=\"article__paragraph  \">C\u2019est la version cr\u00e9\u00e9e en\u00a02005\u00a0par <a href=\"https:\/\/www.lemonde.fr\/idees\/article\/2022\/09\/18\/benjamin-millepied-la-danse-fut-un-instinct-de-survie_6142099_3232.html\" target=\"_blank\" rel=\"noopener\">Benjamin Millepied<\/a> que le chor\u00e9graphe et directeur, depuis 2024, du Ballet de l\u2019Op\u00e9ra Nice C\u00f4te d\u2019Azur, <a href=\"https:\/\/www.lemonde.fr\/culture\/article\/2022\/06\/16\/les-choregraphies-frissonnantes-de-pontus-lidberg-en-vedette-a-montpellier-danse_6130640_3246.html\" target=\"_blank\" rel=\"noopener\">Pontus Lidberg<\/a>, a choisie pour sa premi\u00e8re saison. Et c\u2019est une bonne pioche. \u00ab\u00a0Je souhaite construire un r\u00e9pertoire \u00e9clectique qui s\u2019adresse \u00e0 des publics vari\u00e9s et collaborer avec des artistes au point de vue affirm\u00e9\u00a0\u00bb, d\u00e9clare Pontus Lidberg dans le programme du spectacle. Sur la musique de Tcha\u00efkovski, dans l\u2019interpr\u00e9tation des 26 danseurs de la compagnie, la vision pop, et centr\u00e9e sur les enfants, de Benjamin Millepied, qui a revisit\u00e9 sa pi\u00e8ce en valorisant la technique sur pointes des interpr\u00e8tes, a r\u00e9joui les spectateurs de l\u2019Op\u00e9ra de Nice, mercredi 17\u00a0d\u00e9cembre.<\/p>\n<p class=\"article__paragraph  \">La lecture de Benjamin Millepied ne perd pas de vue le livret du ballet con\u00e7u en\u00a01892 par <a href=\"https:\/\/www.lemonde.fr\/culture\/article\/2018\/12\/28\/marius-petipa-choregraphe-star-et-meconnu_5402896_3246.html\" target=\"_blank\" rel=\"noopener\">Marius Petipa<\/a> (1818-1910) et Lev Ivanov (1834-1901). A partir du conte d\u2019Hoffmann, dans la traduction fran\u00e7aise d\u2019Alexandre Dumas, l\u2019histoire, qui a \u00e9t\u00e9 relue par nombre de chor\u00e9graphes, de George Balanchine \u00e0 Maurice B\u00e9jart en passant par <a href=\"https:\/\/www.lemonde.fr\/scenes\/article\/2014\/12\/10\/casse-noisette-au-grand-galop-a-l-opera-bastille_4537672_1654999.html\" target=\"_blank\" rel=\"noopener\">Rudolf Noureev<\/a> et Jean-Christophe Maillot, met en sc\u00e8ne une petite fille, Clara, son fr\u00e8re, leurs parents et amis qui se retrouvent pour No\u00ebl. Le parrain de Clara, Drosselmeyer, lui offre un casse-noisettes \u2013 avec une dr\u00f4le de t\u00eate de grenouille chez Millepied \u2013 qui se m\u00e9tamorphose en prince charmant lorsque Clara s\u2019endort.<\/p>\n<p class=\"reading-mode-only \"><strong>Il vous reste 62.39% de cet article \u00e0 lire. La suite est r\u00e9serv\u00e9e aux abonn\u00e9s.<\/strong><\/p>\n","protected":false},"excerpt":{"rendered":"\u00ab\u00a0Casse-Noisette\u00a0\u00bb, chor\u00e9graphi\u00e9 par Benjamin Millepied, avec le Ballet de l\u2019Op\u00e9ra Nice C\u00f4te d\u2019Azur, en d\u00e9cembre 2025. MATHILDE FANET&hellip;\n","protected":false},"author":2,"featured_media":622254,"comment_status":"","ping_status":"","sticky":false,"template":"","format":"standard","meta":{"footnotes":""},"categories":[2819],"tags":[1111,11,1777,674,1011,27,12,2401,882,25],"class_list":{"0":"post-622253","1":"post","2":"type-post","3":"status-publish","4":"format-standard","5":"has-post-thumbnail","7":"category-nice","8":"tag-actu","9":"tag-actualites","10":"tag-eu","11":"tag-europe","12":"tag-fr","13":"tag-france","14":"tag-news","15":"tag-nice","16":"tag-provence-alpes-cote-dazur","17":"tag-republique-francaise"},"share_on_mastodon":{"url":"https:\/\/pubeurope.com\/@fr\/115782558245298157","error":""},"_links":{"self":[{"href":"https:\/\/www.europesays.com\/fr\/wp-json\/wp\/v2\/posts\/622253","targetHints":{"allow":["GET"]}}],"collection":[{"href":"https:\/\/www.europesays.com\/fr\/wp-json\/wp\/v2\/posts"}],"about":[{"href":"https:\/\/www.europesays.com\/fr\/wp-json\/wp\/v2\/types\/post"}],"author":[{"embeddable":true,"href":"https:\/\/www.europesays.com\/fr\/wp-json\/wp\/v2\/users\/2"}],"replies":[{"embeddable":true,"href":"https:\/\/www.europesays.com\/fr\/wp-json\/wp\/v2\/comments?post=622253"}],"version-history":[{"count":0,"href":"https:\/\/www.europesays.com\/fr\/wp-json\/wp\/v2\/posts\/622253\/revisions"}],"wp:featuredmedia":[{"embeddable":true,"href":"https:\/\/www.europesays.com\/fr\/wp-json\/wp\/v2\/media\/622254"}],"wp:attachment":[{"href":"https:\/\/www.europesays.com\/fr\/wp-json\/wp\/v2\/media?parent=622253"}],"wp:term":[{"taxonomy":"category","embeddable":true,"href":"https:\/\/www.europesays.com\/fr\/wp-json\/wp\/v2\/categories?post=622253"},{"taxonomy":"post_tag","embeddable":true,"href":"https:\/\/www.europesays.com\/fr\/wp-json\/wp\/v2\/tags?post=622253"}],"curies":[{"name":"wp","href":"https:\/\/api.w.org\/{rel}","templated":true}]}}