{"id":622255,"date":"2025-12-25T22:27:15","date_gmt":"2025-12-25T22:27:15","guid":{"rendered":"https:\/\/www.europesays.com\/fr\/622255\/"},"modified":"2025-12-25T22:27:15","modified_gmt":"2025-12-25T22:27:15","slug":"lol-offre-un-buteur-au-fc-nantes","status":"publish","type":"post","link":"https:\/\/www.europesays.com\/fr\/622255\/","title":{"rendered":"L&rsquo;OL offre un buteur au FC Nantes"},"content":{"rendered":"<p><b>Le <a href=\"https:\/\/www.foot01.com\/mercato\" title=\"Mercato\" target=\"_blank\" rel=\"noopener\">mercato<\/a> de janvier doit permettre \u00e0 plusieurs clubs de Ligue 1 de d\u00e9nicher un buteur fiable. Le FC Nantes fait partie des principaux demandeurs. Les Canaris esp\u00e8rent enr\u00f4ler Louis Munteanu, convoit\u00e9 aussi par l&rsquo;<a href=\"https:\/\/www.foot01.com\/ol\" title=\"OL\" target=\"_blank\" rel=\"noopener\">OL<\/a>.<\/b>Le jeu \u00e0 la Nantaise est vraiment un lointain souvenir pour les amoureux du <a href=\"https:\/\/www.foot01.com\/nantes\" target=\"_self\" rel=\"noopener\">FC Nantes<\/a>. En difficult\u00e9 au classement, les Canaris peinent aussi \u00e0 cr\u00e9er du jeu et \u00e0 faire vibrer leur public cette saison. Il faut dire que leur secteur offensif est particuli\u00e8rement d\u00e9faillant. Nantes n&rsquo;a inscrit que 14 buts en 16 matchs de championnat, le deuxi\u00e8me pire bilan derri\u00e8re Le Havre. De quoi envoyer l&rsquo;octuple champion de France en Ligue 2 \u00e0 l&rsquo;heure actuelle. Pour se sauver, il va falloir trouver un buteur fiable et tr\u00e8s efficace au mercato.Louis Munteanu vers Nantes ?Si les dirigeants nantais ont explor\u00e9 des pistes 100% fran\u00e7aises jusqu&rsquo;\u00e0 pr\u00e9sent, la nouvelle priorit\u00e9 pour janvier \u00e9volue en Roumanie. Il s&rsquo;agit du jeune Louis Munteanu (23 ans) selon les informations du journaliste Ekrem Konur. Le buteur du CFR Cluj n&rsquo;est pas inconnu des supporters lyonnais. En effet, l&rsquo;<a href=\"https:\/\/www.foot01.com\/ol\" target=\"_self\" rel=\"noopener\">OL<\/a> a \u00e9t\u00e9 le premier club fran\u00e7ais \u00e0 se positionner sur lui il y a quelques semaines de cela. Nantes passe d\u00e9sormais \u00e0 l&rsquo;action avec bon espoir de concr\u00e9tiser rapidement.<\/p>\n<p>Les Canaris tablent sur un int\u00e9r\u00eat moindre des Gones dans ce dossier avec l&rsquo;arriv\u00e9e confirm\u00e9e d&rsquo;Endrick. Nantes est pr\u00eat \u00e0 miser 4 millions d&rsquo;euros sur Munteanu. Cette somme est attendue par le club de Cluj. Toutefois, plusieurs menaces apparaissent en Espagne. Valence, G\u00e9rone et surtout le Betis S\u00e9ville s&rsquo;activent pour conclure le transfert du buteur roumain. Waldemar Kita va devoir \u00eatre tr\u00e8s r\u00e9actif pour r\u00e9aliser le recrutement indispensable \u00e0 la survie du FC Nantes en Ligue 1.<\/p>\n","protected":false},"excerpt":{"rendered":"Le mercato de janvier doit permettre \u00e0 plusieurs clubs de Ligue 1 de d\u00e9nicher un buteur fiable. Le&hellip;\n","protected":false},"author":2,"featured_media":622256,"comment_status":"","ping_status":"","sticky":false,"template":"","format":"standard","meta":{"footnotes":""},"categories":[2818],"tags":[1111,11,1777,674,462,1011,27,1434,766,12,241,2636,25],"class_list":{"0":"post-622255","1":"post","2":"type-post","3":"status-publish","4":"format-standard","5":"has-post-thumbnail","7":"category-nantes","8":"tag-actu","9":"tag-actualites","10":"tag-eu","11":"tag-europe","12":"tag-fc-nantes","13":"tag-fr","14":"tag-france","15":"tag-mercato","16":"tag-nantes","17":"tag-news","18":"tag-ol","19":"tag-pays-de-la-loire","20":"tag-republique-francaise"},"share_on_mastodon":{"url":"https:\/\/pubeurope.com\/@fr\/115782565585955015","error":""},"_links":{"self":[{"href":"https:\/\/www.europesays.com\/fr\/wp-json\/wp\/v2\/posts\/622255","targetHints":{"allow":["GET"]}}],"collection":[{"href":"https:\/\/www.europesays.com\/fr\/wp-json\/wp\/v2\/posts"}],"about":[{"href":"https:\/\/www.europesays.com\/fr\/wp-json\/wp\/v2\/types\/post"}],"author":[{"embeddable":true,"href":"https:\/\/www.europesays.com\/fr\/wp-json\/wp\/v2\/users\/2"}],"replies":[{"embeddable":true,"href":"https:\/\/www.europesays.com\/fr\/wp-json\/wp\/v2\/comments?post=622255"}],"version-history":[{"count":0,"href":"https:\/\/www.europesays.com\/fr\/wp-json\/wp\/v2\/posts\/622255\/revisions"}],"wp:featuredmedia":[{"embeddable":true,"href":"https:\/\/www.europesays.com\/fr\/wp-json\/wp\/v2\/media\/622256"}],"wp:attachment":[{"href":"https:\/\/www.europesays.com\/fr\/wp-json\/wp\/v2\/media?parent=622255"}],"wp:term":[{"taxonomy":"category","embeddable":true,"href":"https:\/\/www.europesays.com\/fr\/wp-json\/wp\/v2\/categories?post=622255"},{"taxonomy":"post_tag","embeddable":true,"href":"https:\/\/www.europesays.com\/fr\/wp-json\/wp\/v2\/tags?post=622255"}],"curies":[{"name":"wp","href":"https:\/\/api.w.org\/{rel}","templated":true}]}}