{"id":622257,"date":"2025-12-25T22:28:16","date_gmt":"2025-12-25T22:28:16","guid":{"rendered":"https:\/\/www.europesays.com\/fr\/622257\/"},"modified":"2025-12-25T22:28:16","modified_gmt":"2025-12-25T22:28:16","slug":"deux-morts-dans-un-accident-sur-la-10-a-la-sortie-de-bordeaux","status":"publish","type":"post","link":"https:\/\/www.europesays.com\/fr\/622257\/","title":{"rendered":"Deux morts dans un accident sur l\u2019A\u00a010 \u00e0 la sortie de Bordeaux"},"content":{"rendered":"<p>Deux v\u00e9hicules qui circulaient dans le sens Paris-Bordeaux sont entr\u00e9s en collision, <a href=\"https:\/\/www.sudouest.fr\/faits-divers\/gironde-un-accident-de-la-route-fait-deux-morts-dans-la-nuit-du-reveillon-de-noel-27211493.php\" target=\"_blank\" rel=\"nofollow noopener\">rapporte Sud Ouest.<\/a><\/p>\n<p>Selon Ici Gironde, l\u2019automobiliste de 86 ans avait emprunt\u00e9 l\u2019autoroute A 10 \u00e0 contresens. La CRS autorouti\u00e8re a \u00e9t\u00e9 alert\u00e9e qu\u2019il avait fait demi tour entre les \u00e9changeurs 41 et 42. Il a roul\u00e9 durant trois minutes en croisant des v\u00e9hicules jusqu\u2019\u00e0 en percuter un, conduit par un homme de 91 ans. Les deux hommes sont d\u00e9c\u00e9d\u00e9s sur place.  <\/p>\n<p>Une troisi\u00e8me victime, une femme dont l\u2019\u00e2ge n\u2019est pas encore connu, a \u00e9t\u00e9 transport\u00e9e au CHU de Bordeaux Pellegrin. Elle est en \u00e9tat d\u2018urgence absolue. L\u2019autoroute A\u00a010 a \u00e9t\u00e9 coup\u00e9e pendant trois heures dans le sens Paris-Bordeaux, le temps de l\u2019intervention des secours. 21 sapeurs pompiers sont intervenus sur place.<\/p>\n","protected":false},"excerpt":{"rendered":"Deux v\u00e9hicules qui circulaient dans le sens Paris-Bordeaux sont entr\u00e9s en collision, rapporte Sud Ouest. Selon Ici Gironde,&hellip;\n","protected":false},"author":2,"featured_media":622258,"comment_status":"","ping_status":"","sticky":false,"template":"","format":"standard","meta":{"footnotes":""},"categories":[2817],"tags":[1111,11,1997,1777,674,1011,27,12,2219,25],"class_list":{"0":"post-622257","1":"post","2":"type-post","3":"status-publish","4":"format-standard","5":"has-post-thumbnail","7":"category-bordeaux","8":"tag-actu","9":"tag-actualites","10":"tag-bordeaux","11":"tag-eu","12":"tag-europe","13":"tag-fr","14":"tag-france","15":"tag-news","16":"tag-nouvelle-aquitaine","17":"tag-republique-francaise"},"share_on_mastodon":{"url":"https:\/\/pubeurope.com\/@fr\/115782569506194537","error":""},"_links":{"self":[{"href":"https:\/\/www.europesays.com\/fr\/wp-json\/wp\/v2\/posts\/622257","targetHints":{"allow":["GET"]}}],"collection":[{"href":"https:\/\/www.europesays.com\/fr\/wp-json\/wp\/v2\/posts"}],"about":[{"href":"https:\/\/www.europesays.com\/fr\/wp-json\/wp\/v2\/types\/post"}],"author":[{"embeddable":true,"href":"https:\/\/www.europesays.com\/fr\/wp-json\/wp\/v2\/users\/2"}],"replies":[{"embeddable":true,"href":"https:\/\/www.europesays.com\/fr\/wp-json\/wp\/v2\/comments?post=622257"}],"version-history":[{"count":0,"href":"https:\/\/www.europesays.com\/fr\/wp-json\/wp\/v2\/posts\/622257\/revisions"}],"wp:featuredmedia":[{"embeddable":true,"href":"https:\/\/www.europesays.com\/fr\/wp-json\/wp\/v2\/media\/622258"}],"wp:attachment":[{"href":"https:\/\/www.europesays.com\/fr\/wp-json\/wp\/v2\/media?parent=622257"}],"wp:term":[{"taxonomy":"category","embeddable":true,"href":"https:\/\/www.europesays.com\/fr\/wp-json\/wp\/v2\/categories?post=622257"},{"taxonomy":"post_tag","embeddable":true,"href":"https:\/\/www.europesays.com\/fr\/wp-json\/wp\/v2\/tags?post=622257"}],"curies":[{"name":"wp","href":"https:\/\/api.w.org\/{rel}","templated":true}]}}