{"id":622259,"date":"2025-12-25T22:29:12","date_gmt":"2025-12-25T22:29:12","guid":{"rendered":"https:\/\/www.europesays.com\/fr\/622259\/"},"modified":"2025-12-25T22:29:12","modified_gmt":"2025-12-25T22:29:12","slug":"massacre-pas-du-tout-la-priorite-je-men-foutisme-tourny-ce-projet-qui-fait-lunanimite-des-candidat","status":"publish","type":"post","link":"https:\/\/www.europesays.com\/fr\/622259\/","title":{"rendered":"\u00ab\u00a0Massacre\u00a0\u00bb, \u00ab\u00a0pas du tout la priorit\u00e9\u00a0\u00bb, \u00ab\u00a0je m\u2019en foutisme\u00a0\u00bb\u2026 Tourny, ce projet qui fait l\u2019unanimit\u00e9 des candidats aux municipales contre lui"},"content":{"rendered":"<p>En tout cas, Tourny signe une jolie prouesse\u00a0: ce projet annonc\u00e9 par surprise par Pierre Hurmic en septembre 2023 (il ne figurait pas dans le programme de 2020) fait l\u2019unanimit\u00e9 contre lui. Et pas qu\u2019\u00e0 droite. \u00ab\u00a0Les millions mis dans cet am\u00e9nagement auraient pu \u00eatre utilis\u00e9s ailleurs, surtout dans un moment o\u00f9 les finances publiques sont ass\u00e9ch\u00e9es par l\u2019\u00c9tat\u00a0\u00bb, r\u00e9sume Nordine Raymond, le candidat de La\u00a0France insoumise (LFI), qui pointe \u00ab\u00a0l\u2019ent\u00eatement\u00a0\u00bb du maire \u00ab\u00a0\u00e0 aller jusqu\u2019au bout\u00a0\u00bb, alors que \u00ab\u00a0ce n\u2019\u00e9tait pas du tout la priorit\u00e9\u00a0\u00bb.<\/p>\n<p>\u00ab\u00a0Ris\u00e9e du pays\u00a0\u00bb<\/p>\n<p>Pierre Hurmic souhaitait \u00ab\u00a0r\u00e9inventer\u00a0\u00bb Tourny en \u00ab\u00a0espace de vie plus agr\u00e9able\u00a0\u00bb, comme pour imprimer sa marque dans un des rares secteurs qui n\u2019a pas \u00e9t\u00e9 remodel\u00e9 sous Jupp\u00e9 \u2013 tout un symbole. Fa\u00e7on, aussi, d\u2019installer sa vision de la v\u00e9g\u00e9talisation et de l\u2019urbanisme dans un quartier pourtant \u00e9lectoralement peu porteur. Et patatras\u00a0: comme \u00ab\u00a0l\u2019arbre mort\u00a0\u00bb \u2013 quand Hurmic avait ainsi qualifi\u00e9 le grand sapin de No\u00ebl qu\u2019il allait supprimer \u2013 avait secou\u00e9 le d\u00e9but du mandat et instruit le proc\u00e8s des \u00e9colos en \u00ab\u00a0amateurisme\u00a0\u00bb, Tourny tourne \u00e0 la pol\u00e9mique, servie sur la table des r\u00e9veillons de No\u00ebl \u00e0 la faveur du <a href=\"https:\/\/www.sudouest.fr\/gironde\/bordeaux\/bordeaux-la-mairie-deplace-des-bancs-installes-par-erreur-sur-des-places-de-parking-27201958.php\" target=\"_blank\" rel=\"noopener\">pataqu\u00e8s des bancs fix\u00e9s sur la chauss\u00e9e et d\u00e9mont\u00e9s cinq jours plus tard<\/a>\u2026 en attendant bient\u00f4t celle des \u00ab\u00a0vaguelettes\u00a0\u00bb vertes, qui doivent \u00eatre peintes sur le bitume en avril (prudemment apr\u00e8s les \u00e9lections, donc).<\/p>\n<blockquote><p>\u00ab\u00a0Il faut en finir avec ces je-m\u2019en-foutistes \u00e9colos totalement irrespectueux de l\u2019argent public\u00a0\u00bb<\/p><\/blockquote>\n<p>\u00ab\u00a0De nombreuses urgences auraient pu \u00eatre trait\u00e9es dans des quartiers plus populaires, moins \u2018\u2018vitrines\u2019\u2019\u00a0\u00bb, cingle Nordine Raymond. \u00ab\u00a0Il faut d\u2019urgence r\u00e9orienter ce projet afin d\u2019arr\u00eater d\u2019\u00eatre la ris\u00e9e du pays.\u00a0\u00bb L\u2019\u00e9pisode de la semaine offre un boulevard aux candidats pour remettre dans la balance tout le projet des all\u00e9es de Tourny. \u00ab\u00a0Douze\u00a0millions d\u2019euros, peut-\u00eatre plus, sur une base de 45\u00a0000\u00a0euros bruts, \u00e7a paie 250\u00a0agents publics pendant un an\u00a0\u00bb, calcule l\u2019\u00e9conomiste-candidat Philippe Dessertine, en faisant la le\u00e7on \u00e0 Hurmic\u00a0: \u00ab\u00a0La question financi\u00e8re, dans un contexte de dette municipale qui augmente et de dotations de l\u2019\u00c9tat qui diminuent \u2013 et vont encore diminuer \u2013, oblige \u00e0 avoir des priorit\u00e9s, alors que des questions tr\u00e8s fortes se posent autour de la s\u00e9curit\u00e9, du trafic de drogue, de la propret\u00e9.\u00a0\u00bb<\/p>\n<p>Votation<\/p>\n<p>\u00ab\u00a0Il faut en finir avec ces je-m\u2019en-foutistes \u00e9colos totalement irrespectueux de l\u2019argent public\u00a0\u00bb, peut aussi d\u00e9rouler Julie Rechagneux (RN). \u00ab\u00a0Ils ont fait de l\u2019humour sur une \u2018\u2018erreur\u2019\u2019 \u00e0\u00a0350\u00a0000\u00a0euros [en fait, le co\u00fbt de tout l\u2019am\u00e9nagement \u00ab\u00a0provisoire\u00a0\u00bb actuel, NDLR] alors que c\u2019est de l\u2019argent public et donc de la taxe fonci\u00e8re.\u00a0\u00bb Elle estime que \u00ab\u00a0les all\u00e9es de Tourny doivent rester telles qu\u2019elles sont, cela fera \u00e9conomiser les millions d\u2019euros pr\u00e9vus\u00a0\u00bb, et ajoute\u00a0: \u00ab\u00a0Ces projets d\u2019am\u00e9nagement doivent \u00eatre con\u00e7us par nos agents territoriaux, de la Ville ou de la M\u00e9tropole, qui ont la parfaite connaissance de leur ville. Nous n\u2019avons pas besoin d\u2019un cabinet de conseil nantais [allusion \u00e0 l\u2019agence d\u2019architectes paysagistes en charge du projet d\u00e9finitif, NDLR] pour savoir les am\u00e9nagements qu\u2019il faut r\u00e9aliser \u00e0 Bordeaux.\u00a0\u00bb<\/p>\n","protected":false},"excerpt":{"rendered":"En tout cas, Tourny signe une jolie prouesse\u00a0: ce projet annonc\u00e9 par surprise par Pierre Hurmic en septembre&hellip;\n","protected":false},"author":2,"featured_media":622260,"comment_status":"","ping_status":"","sticky":false,"template":"","format":"standard","meta":{"footnotes":""},"categories":[2817],"tags":[1111,11,1997,1777,674,1011,27,12,2219,25],"class_list":{"0":"post-622259","1":"post","2":"type-post","3":"status-publish","4":"format-standard","5":"has-post-thumbnail","7":"category-bordeaux","8":"tag-actu","9":"tag-actualites","10":"tag-bordeaux","11":"tag-eu","12":"tag-europe","13":"tag-fr","14":"tag-france","15":"tag-news","16":"tag-nouvelle-aquitaine","17":"tag-republique-francaise"},"share_on_mastodon":{"url":"https:\/\/pubeurope.com\/@fr\/115782573437258078","error":""},"_links":{"self":[{"href":"https:\/\/www.europesays.com\/fr\/wp-json\/wp\/v2\/posts\/622259","targetHints":{"allow":["GET"]}}],"collection":[{"href":"https:\/\/www.europesays.com\/fr\/wp-json\/wp\/v2\/posts"}],"about":[{"href":"https:\/\/www.europesays.com\/fr\/wp-json\/wp\/v2\/types\/post"}],"author":[{"embeddable":true,"href":"https:\/\/www.europesays.com\/fr\/wp-json\/wp\/v2\/users\/2"}],"replies":[{"embeddable":true,"href":"https:\/\/www.europesays.com\/fr\/wp-json\/wp\/v2\/comments?post=622259"}],"version-history":[{"count":0,"href":"https:\/\/www.europesays.com\/fr\/wp-json\/wp\/v2\/posts\/622259\/revisions"}],"wp:featuredmedia":[{"embeddable":true,"href":"https:\/\/www.europesays.com\/fr\/wp-json\/wp\/v2\/media\/622260"}],"wp:attachment":[{"href":"https:\/\/www.europesays.com\/fr\/wp-json\/wp\/v2\/media?parent=622259"}],"wp:term":[{"taxonomy":"category","embeddable":true,"href":"https:\/\/www.europesays.com\/fr\/wp-json\/wp\/v2\/categories?post=622259"},{"taxonomy":"post_tag","embeddable":true,"href":"https:\/\/www.europesays.com\/fr\/wp-json\/wp\/v2\/tags?post=622259"}],"curies":[{"name":"wp","href":"https:\/\/api.w.org\/{rel}","templated":true}]}}