{"id":622265,"date":"2025-12-25T22:32:11","date_gmt":"2025-12-25T22:32:11","guid":{"rendered":"https:\/\/www.europesays.com\/fr\/622265\/"},"modified":"2025-12-25T22:32:11","modified_gmt":"2025-12-25T22:32:11","slug":"une-femme-retrouvee-morte-a-lille-son-compagnon-place-en-garde-a-vue","status":"publish","type":"post","link":"https:\/\/www.europesays.com\/fr\/622265\/","title":{"rendered":"Une femme retrouv\u00e9e morte \u00e0 Lille, son compagnon plac\u00e9 en garde \u00e0 vue"},"content":{"rendered":"<p class=\"paragraph text_align_left lp-f-body-02\">Un homme de 36\u00a0ans a \u00e9t\u00e9 plac\u00e9 en garde \u00e0 vue jeudi, \u00e0 Lille (<a href=\"https:\/\/www.leparisien.fr\/nord-59\/\" target=\"_blank\" rel=\"noreferrer noopener\">Nord<\/a>), apr\u00e8s la d\u00e9couverte \u00e0 son domicile du corps sans vie de sa compagne, qui pr\u00e9sentait plusieurs h\u00e9matomes, a appris l\u2019AFP aupr\u00e8s d\u2019une source polici\u00e8re.<\/p>\n<p class=\"\">La victime, une Belge de 34\u00a0ans, a \u00e9t\u00e9 d\u00e9couverte sans vie \u00e0 la mi-journ\u00e9e au domicile de son compagnon dans un quartier populaire de Lille, selon cette source.<\/p>\n<p class=\"\">Les policiers ont constat\u00e9 des traces de violences dans l\u2019appartement, ainsi que des h\u00e9matomes sur le corps de la victime, toujours selon cette source.<\/p>\n<p>Trois femmes tu\u00e9es chaque jour<\/p>\n<p class=\"\">Son conjoint, un Alg\u00e9rien de 36\u00a0ans qui avait appel\u00e9 les secours, a reconnu que la situation avait d\u00e9g\u00e9n\u00e9r\u00e9 \u00e0 l\u2019issue d\u2019une soir\u00e9e alcoolis\u00e9e. Il a \u00e9t\u00e9 plac\u00e9 en garde \u00e0 vue, pr\u00e9cise la source polici\u00e8re. Il est connu de la justice pour d\u00e9lit routier, ajoute cette source, qui indique qu\u2019il est en situation r\u00e9guli\u00e8re sur le territoire fran\u00e7ais.<\/p>\n<p class=\"lp-card-podcast-highlighting__title  lp-f-subtitle-05\">[2\/2] Vengeance et colis pi\u00e9g\u00e9\u00a0: le myst\u00e9rieux attentat de La\u00a0Baule<\/p>\n<p><a class=\"lp-card-podcast-highlighting__call-to-action\" data-page-type=\"HP\" data-block-name=\"podcast-highlight\">\u00c9couter<\/a><\/p>\n<p class=\"\">Sollicit\u00e9 par l\u2019AFP, le parquet de Lille n\u2019a pas r\u00e9pondu dans l\u2019imm\u00e9diat.<\/p>\n<p class=\"\"><a href=\"https:\/\/www.leparisien.fr\/societe\/toutes-les-7-heures-en-france-plus-de-trois-femmes-sont-victimes-chaque-jour-de-feminicide-ou-tentative-de-feminicide-conjugal-20-11-2025-JBXR657JVJD25MRFWQOLNPWKJ4.php\" target=\"_blank\" rel=\"noreferrer noopener\">Chaque jour en France, plus de trois femmes sont victimes de f\u00e9minicide<\/a> ou tentative de f\u00e9minicide conjugal, un chiffre en hausse sur un an, selon les donn\u00e9es de 2024 de la mission interminist\u00e9rielle pour la protection des femmes (Miprof) publi\u00e9es en novembre.<\/p>\n","protected":false},"excerpt":{"rendered":"Un homme de 36\u00a0ans a \u00e9t\u00e9 plac\u00e9 en garde \u00e0 vue jeudi, \u00e0 Lille (Nord), apr\u00e8s la d\u00e9couverte&hellip;\n","protected":false},"author":2,"featured_media":511839,"comment_status":"","ping_status":"","sticky":false,"template":"","format":"standard","meta":{"footnotes":""},"categories":[2815],"tags":[1111,11,459,1777,674,118,1011,27,811,1307,12,25],"class_list":{"0":"post-622265","1":"post","2":"type-post","3":"status-publish","4":"format-standard","5":"has-post-thumbnail","7":"category-lille","8":"tag-actu","9":"tag-actualites","10":"tag-departements-horsidfo","11":"tag-eu","12":"tag-europe","13":"tag-faits-divers","14":"tag-fr","15":"tag-france","16":"tag-hauts-de-france","17":"tag-lille","18":"tag-news","19":"tag-republique-francaise"},"share_on_mastodon":{"url":"https:\/\/pubeurope.com\/@fr\/115782585182627201","error":""},"_links":{"self":[{"href":"https:\/\/www.europesays.com\/fr\/wp-json\/wp\/v2\/posts\/622265","targetHints":{"allow":["GET"]}}],"collection":[{"href":"https:\/\/www.europesays.com\/fr\/wp-json\/wp\/v2\/posts"}],"about":[{"href":"https:\/\/www.europesays.com\/fr\/wp-json\/wp\/v2\/types\/post"}],"author":[{"embeddable":true,"href":"https:\/\/www.europesays.com\/fr\/wp-json\/wp\/v2\/users\/2"}],"replies":[{"embeddable":true,"href":"https:\/\/www.europesays.com\/fr\/wp-json\/wp\/v2\/comments?post=622265"}],"version-history":[{"count":0,"href":"https:\/\/www.europesays.com\/fr\/wp-json\/wp\/v2\/posts\/622265\/revisions"}],"wp:featuredmedia":[{"embeddable":true,"href":"https:\/\/www.europesays.com\/fr\/wp-json\/wp\/v2\/media\/511839"}],"wp:attachment":[{"href":"https:\/\/www.europesays.com\/fr\/wp-json\/wp\/v2\/media?parent=622265"}],"wp:term":[{"taxonomy":"category","embeddable":true,"href":"https:\/\/www.europesays.com\/fr\/wp-json\/wp\/v2\/categories?post=622265"},{"taxonomy":"post_tag","embeddable":true,"href":"https:\/\/www.europesays.com\/fr\/wp-json\/wp\/v2\/tags?post=622265"}],"curies":[{"name":"wp","href":"https:\/\/api.w.org\/{rel}","templated":true}]}}