{"id":622266,"date":"2025-12-25T22:33:13","date_gmt":"2025-12-25T22:33:13","guid":{"rendered":"https:\/\/www.europesays.com\/fr\/622266\/"},"modified":"2025-12-25T22:33:13","modified_gmt":"2025-12-25T22:33:13","slug":"il-etait-une-fois-grimonprez-jooris-actualites","status":"publish","type":"post","link":"https:\/\/www.europesays.com\/fr\/622266\/","title":{"rendered":"Il \u00e9tait une fois\u2026 Grimonprez-Jooris \/ Actualit\u00e9s"},"content":{"rendered":"<p>Surnomm\u00e9 <strong>le petit \u00ab\u00a0Parc des Princes\u00a0\u00bb<\/strong>, le stade Grimonprez-Jooris est inaugur\u00e9 le 28 octobre 1975 lors d\u2019un match amical face au Feyenoord Rotterdam (1-1).\u00a0<\/p>\n<p>Situ\u00e9 avenue du Petit Paradis, au c\u0153ur du bois de Boulogne et adoss\u00e9 \u00e0 la Citadelle, il ne se trouve qu\u2019\u00e0 quelques centaines de m\u00e8tres de l\u2019ancien stade Henri Jooris qui a accueilli les matchs pendant 67 ans.\u00a0<\/p>\n<p>Les plans du nouvel \u00e9quipement sont confi\u00e9s \u00e0 l\u2019architecte lillois Pierre-Fran\u00e7ois Delannoy (\u00e0 qui l\u2019on doit la station de m\u00e9tro Rihour). <strong>Haut de 30 m\u00e8tres, le stade est achev\u00e9 en 14 mois seulement.\u00a0<\/strong><\/p>\n<p><strong>L\u2019enceinte, moderne<\/strong>, comprend de grands vestiaires avec une <strong>petite piscine et des tribunes couvertes<\/strong>. Son nom, Grimonprez-Jooris, lui a \u00e9t\u00e9 attribu\u00e9 en souvenir de <strong>F\u00e9lix Grimonprez<\/strong>, international de hockey sur gazon mort au champ d\u2019honneur en 1940, et d\u2019<strong>Henri Jooris<\/strong>, ancien pr\u00e9sident de l\u2019Olympique lillois.<\/p>\n<p>Il offrira trois d\u00e9cennies de souvenirs aux supporters du LOSC. La mont\u00e9e en Division 1, puis la qualification en Ligue des Champions au d\u00e9but des ann\u00e9es 2000 va pr\u00e9cipiter sa chute. L\u2019UEFA estime que le stade n\u2019est plus aux normes, malgr\u00e9 l\u2019extension des tribunes en 2001.\u00a0\u00a0<\/p>\n<p>Le LOSC est contraint de jouer certains de ses matchs au stade Bollaert \u00e0 Lens, au Stade de France \u00e0 Saint-Denis, puis de fa\u00e7on durable au Stadium nord de Villeneuve-d\u2019Ascq, en attendant la construction de \u00ab\u00a0Grimonprez-Jooris II\u00a0\u00bb et son extension \u00e0 35 000 places.\u00a0<\/p>\n<p>Apr\u00e8s des revirements architecturaux, politiques et juridiques qui dureront des ann\u00e9es, elle ne verra jamais le jour. C\u2019est finalement au Decathlon arena stade Pierre Mauroy que le LOSC poursuivra l\u2019aventure en 2012.<\/p>\n<p>Aujourd\u2019hui, s\u2019il ne reste rien du stade Grimonprez-Jooris, transform\u00e9 en vaste plaine ouverte \u00e0 tous, l\u2019\u00e9vocation de son nom suscite toujours nostalgie et souvenirs chez les supporters&#8230;<\/p>\n<p><strong>Par Sabine Duez<\/strong><\/p>\n<p><strong>Rep\u00e8res<\/strong><\/p>\n<p><strong>25 000: s<\/strong>pectateurs pouvaient y \u00eatre accueillis. La capacit\u00e9 du stade sera abaiss\u00e9e \u00e0 17 000 dans les ann\u00e9es 90 en raison des normes de s\u00e9curit\u00e9<\/p>\n<p><strong>594:\u00a0<\/strong>le nombre de rencontres officielles<\/p>\n<p><strong>15 mai 2004:\u00a0<\/strong>dernier match \u00e0 Grimonprez-Jooris\u00a0: LOSC-Bastia (2-0)<\/p>\n<p><strong>22 mars 2010:\u00a0<\/strong>d\u00e9but de la d\u00e9molition du stade qui se terminera en avril 2011.<\/p>\n","protected":false},"excerpt":{"rendered":"Surnomm\u00e9 le petit \u00ab\u00a0Parc des Princes\u00a0\u00bb, le stade Grimonprez-Jooris est inaugur\u00e9 le 28 octobre 1975 lors d\u2019un match&hellip;\n","protected":false},"author":2,"featured_media":622267,"comment_status":"","ping_status":"","sticky":false,"template":"","format":"standard","meta":{"footnotes":""},"categories":[2815],"tags":[1111,11,4763,1777,674,1011,27,811,1307,5415,12,25],"class_list":{"0":"post-622266","1":"post","2":"type-post","3":"status-publish","4":"format-standard","5":"has-post-thumbnail","7":"category-lille","8":"tag-actu","9":"tag-actualites","10":"tag-agenda","11":"tag-eu","12":"tag-europe","13":"tag-fr","14":"tag-france","15":"tag-hauts-de-france","16":"tag-lille","17":"tag-mairie","18":"tag-news","19":"tag-republique-francaise"},"share_on_mastodon":{"url":"https:\/\/pubeurope.com\/@fr\/115782589269926156","error":""},"_links":{"self":[{"href":"https:\/\/www.europesays.com\/fr\/wp-json\/wp\/v2\/posts\/622266","targetHints":{"allow":["GET"]}}],"collection":[{"href":"https:\/\/www.europesays.com\/fr\/wp-json\/wp\/v2\/posts"}],"about":[{"href":"https:\/\/www.europesays.com\/fr\/wp-json\/wp\/v2\/types\/post"}],"author":[{"embeddable":true,"href":"https:\/\/www.europesays.com\/fr\/wp-json\/wp\/v2\/users\/2"}],"replies":[{"embeddable":true,"href":"https:\/\/www.europesays.com\/fr\/wp-json\/wp\/v2\/comments?post=622266"}],"version-history":[{"count":0,"href":"https:\/\/www.europesays.com\/fr\/wp-json\/wp\/v2\/posts\/622266\/revisions"}],"wp:featuredmedia":[{"embeddable":true,"href":"https:\/\/www.europesays.com\/fr\/wp-json\/wp\/v2\/media\/622267"}],"wp:attachment":[{"href":"https:\/\/www.europesays.com\/fr\/wp-json\/wp\/v2\/media?parent=622266"}],"wp:term":[{"taxonomy":"category","embeddable":true,"href":"https:\/\/www.europesays.com\/fr\/wp-json\/wp\/v2\/categories?post=622266"},{"taxonomy":"post_tag","embeddable":true,"href":"https:\/\/www.europesays.com\/fr\/wp-json\/wp\/v2\/tags?post=622266"}],"curies":[{"name":"wp","href":"https:\/\/api.w.org\/{rel}","templated":true}]}}