{"id":622270,"date":"2025-12-25T22:35:15","date_gmt":"2025-12-25T22:35:15","guid":{"rendered":"https:\/\/www.europesays.com\/fr\/622270\/"},"modified":"2025-12-25T22:35:15","modified_gmt":"2025-12-25T22:35:15","slug":"bouches-du-rhone-un-corps-retrouve-dans-une-voiture-incendiee-pres-de-marseille","status":"publish","type":"post","link":"https:\/\/www.europesays.com\/fr\/622270\/","title":{"rendered":"Bouches-du-Rh\u00f4ne\u00a0: un corps retrouv\u00e9 dans une voiture incendi\u00e9e pr\u00e8s de Marseille"},"content":{"rendered":"<p>Un corps a \u00e9t\u00e9 d\u00e9couvert dans une voiture incendi\u00e9e jeudi 25\u00a0d\u00e9cembre 2025 apr\u00e8s-midi \u00e0 Sept\u00e8mes-les-Vallons, <a href=\"https:\/\/www.ouest-france.fr\/societe\/drogue\/video-narcotrafic-pochons-beuh-shit-cadeau-quand-les-dealers-de-marseille-vendent-la-magie-de-noel-d74c0bbe-91de-4aea-94f2-7bc5335f109b\" target=\"_blank\" rel=\"noopener\">proche des quartiers nord de Marseille<\/a> o\u00f9 un homme a \u00e9t\u00e9 retrouv\u00e9 bless\u00e9 par balle au m\u00eame moment, a appris l\u2019Agence France-Presse (AFP) de sources polici\u00e8res et des pompiers.<\/p>\n<p>Peu avant 16\u00a0h, les marins-pompiers de Marseille sont intervenus \u00e0 Sept\u00e8mes-les-Vallons (Bouches-du-Rh\u00f4ne) sur un feu de deux v\u00e9hicules et ont d\u00e9couvert un corps \u00e0 l\u2019int\u00e9rieur d\u2019une voiture signal\u00e9e vol\u00e9e, ont-ils indiqu\u00e9, confirmant une information de La Provence.<\/p>\n<p><strong>Lire aussi\u00a0:<\/strong> <a href=\"https:\/\/rennes.maville.com\/actu\/actudet_-entretien.-narcotrafic-il-n-y-a-pas-de-solution-a-court-terme-selon-l-ex-procureur-de-marseille-jacques-dallest-_53546-7073758_actu.Htm\" target=\"_blank\" rel=\"noopener\">ENTRETIEN. Narcotrafic\u00a0: \u00ab\u00a0Il n\u2019y a pas de solution \u00e0 court terme\u00a0\u00bb, selon l\u2019ex-procureur de Marseille Jacques Dallest<\/a><\/p>\n<p>18\u00a0morts li\u00e9s au trafic de drogue dans les\u00a0Bouches-du-Rh\u00f4ne en 2025<\/p>\n<p>Dans un intervalle proche, vers 15\u00a0h\u00a010 et non loin du secteur, les secours ont pris en charge un homme \u00e2g\u00e9 de 45\u00a0ans, bless\u00e9 \u00e0 la m\u00e2choire par un tir d\u2019arme \u00e0 feu. Il a \u00e9t\u00e9 d\u00e9pos\u00e9 \u00e0 l\u2019h\u00f4pital nord et son pronostic vital est engag\u00e9, ont pr\u00e9cis\u00e9 les pompiers.<\/p>\n<p>Selon un d\u00e9compte de l\u2019AFP, et en ne tenant pas compte du corps retrouv\u00e9 calcin\u00e9, 18\u00a0personnes ont perdu la vie dans des assassinats li\u00e9s au trafic de drogue depuis le d\u00e9but de l\u2019ann\u00e9e dans le d\u00e9partement des Bouches-du-Rh\u00f4ne.<\/p>\n<p>Le 13\u00a0novembre, <a href=\"https:\/\/rennes.maville.com\/actu\/actudet_-narcotrafic-emmanuel-macron-s-est-rendu-sur-la-tombe-de-mehdi-kessaci-a-marseille-_53546-7111972_actu.Htm\" target=\"_blank\" rel=\"noopener\">la mort de Mehdi Kessaci<\/a>, 20\u00a0ans, le petit fr\u00e8re du militant \u00e9cologiste et anti-narcotrafic Amine Kessaci, a boulevers\u00e9 Marseille.<\/p>\n<p>\u00a0<\/p>\n","protected":false},"excerpt":{"rendered":"Un corps a \u00e9t\u00e9 d\u00e9couvert dans une voiture incendi\u00e9e jeudi 25\u00a0d\u00e9cembre 2025 apr\u00e8s-midi \u00e0 Sept\u00e8mes-les-Vallons, proche des quartiers&hellip;\n","protected":false},"author":2,"featured_media":622271,"comment_status":"","ping_status":"","sticky":false,"template":"","format":"standard","meta":{"footnotes":""},"categories":[2814],"tags":[1111,11,885,6725,1777,674,1011,27,44595,884,12,3762,882,25,4256,6689,4752,9693],"class_list":{"0":"post-622270","1":"post","2":"type-post","3":"status-publish","4":"format-standard","5":"has-post-thumbnail","7":"category-marseille","8":"tag-actu","9":"tag-actualites","10":"tag-bouches-du-rhone","11":"tag-corps","12":"tag-eu","13":"tag-europe","14":"tag-fr","15":"tag-france","16":"tag-incendiee","17":"tag-marseille","18":"tag-news","19":"tag-pres","20":"tag-provence-alpes-cote-dazur","21":"tag-republique-francaise","22":"tag-retrouve","23":"tag-roche","24":"tag-voiture","25":"tag-yon"},"share_on_mastodon":{"url":"https:\/\/pubeurope.com\/@fr\/115782596897147250","error":""},"_links":{"self":[{"href":"https:\/\/www.europesays.com\/fr\/wp-json\/wp\/v2\/posts\/622270","targetHints":{"allow":["GET"]}}],"collection":[{"href":"https:\/\/www.europesays.com\/fr\/wp-json\/wp\/v2\/posts"}],"about":[{"href":"https:\/\/www.europesays.com\/fr\/wp-json\/wp\/v2\/types\/post"}],"author":[{"embeddable":true,"href":"https:\/\/www.europesays.com\/fr\/wp-json\/wp\/v2\/users\/2"}],"replies":[{"embeddable":true,"href":"https:\/\/www.europesays.com\/fr\/wp-json\/wp\/v2\/comments?post=622270"}],"version-history":[{"count":0,"href":"https:\/\/www.europesays.com\/fr\/wp-json\/wp\/v2\/posts\/622270\/revisions"}],"wp:featuredmedia":[{"embeddable":true,"href":"https:\/\/www.europesays.com\/fr\/wp-json\/wp\/v2\/media\/622271"}],"wp:attachment":[{"href":"https:\/\/www.europesays.com\/fr\/wp-json\/wp\/v2\/media?parent=622270"}],"wp:term":[{"taxonomy":"category","embeddable":true,"href":"https:\/\/www.europesays.com\/fr\/wp-json\/wp\/v2\/categories?post=622270"},{"taxonomy":"post_tag","embeddable":true,"href":"https:\/\/www.europesays.com\/fr\/wp-json\/wp\/v2\/tags?post=622270"}],"curies":[{"name":"wp","href":"https:\/\/api.w.org\/{rel}","templated":true}]}}