{"id":622272,"date":"2025-12-25T22:37:25","date_gmt":"2025-12-25T22:37:25","guid":{"rendered":"https:\/\/www.europesays.com\/fr\/622272\/"},"modified":"2025-12-25T22:37:25","modified_gmt":"2025-12-25T22:37:25","slug":"la-peniche-a-quitte-lancienne-ecluse-de-la-mulatiere","status":"publish","type":"post","link":"https:\/\/www.europesays.com\/fr\/622272\/","title":{"rendered":"la p\u00e9niche a quitt\u00e9 l\u2019ancienne \u00e9cluse de La Mulati\u00e8re"},"content":{"rendered":"<p>C\u2019est l\u2019\u00e9pilogue d\u2019une longue histoire, qui dure depuis plus de quatre ans.<\/p>\n<p>\u00c0 La Mulati\u00e8re, la p\u00e9niche amarr\u00e9e provisoirement le long de l\u2019ancienne \u00e9cluse servant de bassin au club de joutes, a d\u00e9finitivement quitt\u00e9 les lieux, mercredi 17\u00a0d\u00e9cembre.<\/p>\n<p>Un soulagement pour le pr\u00e9sident de l\u2019UJSM ( <a href=\"https:\/\/www.facebook.com\/UJSMjoutes\" target=\"_blank\" rel=\"noopener\">Union des jouteurs et sauveteurs de La Mulati\u00e8re<\/a> ), Alexis Blanc-Varnet. \u00ab\u00a0C\u2019est une bonne nouvelle, mais tardive. Depuis quatre ans, la p\u00e9niche est squatt\u00e9e. Nous avons subi des nuisances, comme le cambriolage de nos locaux et l\u2019arr\u00eat total du recrutement de jeunes jouteurs, car il \u00e9tait impossible d\u2019accueillir jeunes et parents dans de telles conditions. Nous avons d\u00fb faire&#8230;<\/p>\n","protected":false},"excerpt":{"rendered":"C\u2019est l\u2019\u00e9pilogue d\u2019une longue histoire, qui dure depuis plus de quatre ans. \u00c0 La Mulati\u00e8re, la p\u00e9niche amarr\u00e9e&hellip;\n","protected":false},"author":2,"featured_media":622273,"comment_status":"","ping_status":"","sticky":false,"template":"","format":"standard","meta":{"footnotes":""},"categories":[1889],"tags":[1111,11,2430,3154,1777,674,274,107,1011,27,17973,2428,12,25,2429,15674],"class_list":{"0":"post-622272","1":"post","2":"type-post","3":"status-publish","4":"format-standard","5":"has-post-thumbnail","7":"category-lyon","8":"tag-actu","9":"tag-actualites","10":"tag-auvergne-rhone-alpes","11":"tag-edition-sud-lyonnais","12":"tag-eu","13":"tag-europe","14":"tag-faits-divers-justice","15":"tag-fil-info","16":"tag-fr","17":"tag-france","18":"tag-la-mulatiere","19":"tag-lyon","20":"tag-news","21":"tag-republique-francaise","22":"tag-rhone","23":"tag-sainte-foy-les-lyon-bassin"},"share_on_mastodon":{"url":"https:\/\/pubeurope.com\/@fr\/115782604900763372","error":""},"_links":{"self":[{"href":"https:\/\/www.europesays.com\/fr\/wp-json\/wp\/v2\/posts\/622272","targetHints":{"allow":["GET"]}}],"collection":[{"href":"https:\/\/www.europesays.com\/fr\/wp-json\/wp\/v2\/posts"}],"about":[{"href":"https:\/\/www.europesays.com\/fr\/wp-json\/wp\/v2\/types\/post"}],"author":[{"embeddable":true,"href":"https:\/\/www.europesays.com\/fr\/wp-json\/wp\/v2\/users\/2"}],"replies":[{"embeddable":true,"href":"https:\/\/www.europesays.com\/fr\/wp-json\/wp\/v2\/comments?post=622272"}],"version-history":[{"count":0,"href":"https:\/\/www.europesays.com\/fr\/wp-json\/wp\/v2\/posts\/622272\/revisions"}],"wp:featuredmedia":[{"embeddable":true,"href":"https:\/\/www.europesays.com\/fr\/wp-json\/wp\/v2\/media\/622273"}],"wp:attachment":[{"href":"https:\/\/www.europesays.com\/fr\/wp-json\/wp\/v2\/media?parent=622272"}],"wp:term":[{"taxonomy":"category","embeddable":true,"href":"https:\/\/www.europesays.com\/fr\/wp-json\/wp\/v2\/categories?post=622272"},{"taxonomy":"post_tag","embeddable":true,"href":"https:\/\/www.europesays.com\/fr\/wp-json\/wp\/v2\/tags?post=622272"}],"curies":[{"name":"wp","href":"https:\/\/api.w.org\/{rel}","templated":true}]}}