{"id":622278,"date":"2025-12-25T22:42:12","date_gmt":"2025-12-25T22:42:12","guid":{"rendered":"https:\/\/www.europesays.com\/fr\/622278\/"},"modified":"2025-12-25T22:42:12","modified_gmt":"2025-12-25T22:42:12","slug":"maraudes-hebergements-durgence-pourquoi-de-nombreux-departements-declenchent-le-plan-grand-froid-ce-jeudi","status":"publish","type":"post","link":"https:\/\/www.europesays.com\/fr\/622278\/","title":{"rendered":"Maraudes, h\u00e9bergements d\u2019urgence\u2026 Pourquoi de nombreux d\u00e9partements d\u00e9clenchent le \u00ab\u00a0Plan grand froid\u00a0\u00bb ce jeudi"},"content":{"rendered":"<p class=\"lp-f-subtitle-01\">Ce plan, annonc\u00e9 par certains d\u00e9partements du Grand-Est, des Hauts-de-France ou encore de la Bretagne, vise \u00e0 prot\u00e9ger les plus vuln\u00e9rables face au froid.<\/p>\n<p class=\"\">La France s\u2019est r\u00e9veill\u00e9e dans <a href=\"https:\/\/www.leparisien.fr\/meteo\/il-gele-a-paris-le-jour-de-noel-une-premiere-dans-la-capitale-depuis-2010-25-12-2025-EYXNK3BEA5GWDO4AAHZQ57KDWI.php\" target=\"_self\" rel=\"noopener\">la fra\u00eecheur hivernale<\/a> ce jeudi, jour de No\u00ebl. Les temp\u00e9ratures moyennes de la journ\u00e9e, pour l\u2019Hexagone, se situent entre 2\u00a0\u00b0C et 3\u00a0\u00b0C. Une vague de froid, certes, mais qui reste bien loin de pr\u00e9c\u00e9dents No\u00ebl.<\/p>\n<p class=\"\">Le <a href=\"https:\/\/www.leparisien.fr\/meteo\/plan-grand-froid-quest-ce-que-ce-dispositif-active-par-plusieurs-prefectures-08-01-2024-OF5KPNQ7WBDP7FR2EADXZQQKCI.php\" target=\"_self\" rel=\"noopener\">\u00ab\u00a0Plan grand froid\u00a0\u00bb<\/a> a tout de m\u00eame \u00e9t\u00e9 activ\u00e9 dans de nombreux d\u00e9partements, dont voici une liste non exhaustive\u00a0: le Bas-Rhin, le Haut-Rhin, la Meurthe-et-Moselle, les Vosges, l\u2019Aube, la Meuse, la Haute-Marne, la Somme, le Nord, le Pas-de-Calais, l\u2019Aisne, l\u2019Orne, le Calvados, la Manche, la Seine-Maritime, la Mayenne, les C\u00f4tes-d\u2019Armor, le Finist\u00e8re et l\u2019Ille-et-Vilaine.<\/p>\n<p class=\"title-embed-dailymotion lp-color-text lp-f-subtitle-04\">Vid\u00e9oIl a neig\u00e9 la nuit de No\u00ebl : les images des paysages blanchis ce 25 d\u00e9cembre<\/p>\n<p class=\"\">Pourquoi ce plan est-il activ\u00e9\u00a0? Le froid constitue un danger pour la sant\u00e9 de tous, mais il est particuli\u00e8rement dangereux pour les personnes fragiles comme les personnes \u00e2g\u00e9es, les nourrissons ou les personnes souffrant de certaines maladies, mais surtout pour les <a href=\"https:\/\/www.leparisien.fr\/yvelines-78\/je-nai-pas-envie-de-crever-dans-la-rue-un-elan-de-solidarite-pour-pierre-sdf-dans-les-yvelines-26-11-2025-4RBJTXLN2BG2LKP5G4EC5H3J5M.php\" target=\"_self\" rel=\"noopener\">personnes sans domicile<\/a>. Ces derni\u00e8res sont particuli\u00e8rement expos\u00e9es \u00e0 des engelures superficielles, des gelures, voire une <a href=\"https:\/\/www.leparisien.fr\/val-de-marne-94\/aeroport-dorly-un-homme-decouvert-en-hypothermie-severe-dans-le-train-datterrissage-dun-avion-28-12-2023-EA5FBBPFGVDPHPDKAXQUG4FZ3A.php\" rel=\"noopener\" target=\"_blank\">hypothermie<\/a>.<\/p>\n<p>Quelles cons\u00e9quences\u00a0?<\/p>\n<p class=\"\">Ce dispositif favorise l\u2019ouverture de places d\u2019h\u00e9bergement d\u2019urgence suppl\u00e9mentaires pour les <a href=\"https:\/\/www.leparisien.fr\/societe\/au-moins-624-sdf-sont-morts-lan-dernier-27-10-2023-H47DIXOFGJFKDPIBJG5JZIZ6D4.php\" rel=\"noopener\" target=\"_blank\">personnes vivant dans la rue<\/a> lorsque les temp\u00e9ratures sont trop basses. Ces places se situent dans des b\u00e2timents non pr\u00e9vus pour l\u2019habitation, comme les \u00e9coles, les gymnases ou autres salles municipales, mais aussi dans des h\u00f4tels.<\/p>\n<p class=\"\">Le dispositif, qui peut \u00eatre d\u00e9clench\u00e9 par les pr\u00e9fectures entre le 1er\u00a0novembre et le 31\u00a0mars, permet \u00e9galement aux pr\u00e9fets d\u2019augmenter les moyens humains et financiers d\u00e9di\u00e9s aux maraudes ou au 115, le num\u00e9ro d\u2019urgence pour les personnes sans-abri. Depuis l\u2019hiver 2008, il n\u2019est plus d\u00e9clench\u00e9 au niveau national mais \u00e0 l\u2019\u00e9chelon d\u00e9partemental, par les pr\u00e9fectures.<\/p>\n<p class=\"\">Il existe trois niveaux \u00e0 ce dispositif. Le premier est le niveau \u00ab\u00a0temps froid\u00a0\u00bb, qui peut \u00eatre d\u00e9clench\u00e9 les temp\u00e9ratures sont positives le jour mais qu\u2019elles descendent entre 0 et -5\u00a0\u00b0C la nuit. Le second, le niveau \u00ab\u00a0grand froid\u00a0\u00bb, peut \u00eatre d\u00e9cr\u00e9t\u00e9 en cas de temp\u00e9ratures n\u00e9gatives le jour et entre -5 et -10\u00a0\u00b0C la nuit. Enfin, le dernier correspond \u00e0 un \u00e9pisode de \u00ab\u00a0froid extr\u00eame\u00a0\u00bb, caract\u00e9ris\u00e9 par des temp\u00e9ratures n\u00e9gatives le jour et descendant sous les -10\u00a0\u00b0C la nuit.<\/p>\n<p>Vigilance jaune<\/p>\n<p class=\"\">Le \u00ab\u00a0grand froid\u00a0\u00bb n\u2019est donc pas qu\u2019un simple terme utilis\u00e9 lorsque les temp\u00e9ratures sont basses. Il s\u2019agit d\u2019un \u00ab\u00a0\u00e9pisode de temps froid caract\u00e9ris\u00e9 par sa persistance, son intensit\u00e9 et son \u00e9tendue g\u00e9ographique\u00a0\u00bb, pr\u00e9cise <a href=\"https:\/\/vigilance.meteofrance.fr\/fr\/dangers-meteorologiques-grand-froid\" rel=\"noopener\" target=\"_blank\">M\u00e9t\u00e9o France<\/a>, qui participe au \u00ab\u00a0Plan grand froid\u00a0\u00bb depuis 2022. On en parle lorsque l\u2019\u00e9pisode dure \u00ab\u00a0au moins deux jours\u00a0\u00bb et que \u00ab\u00a0les temp\u00e9ratures atteignent des valeurs nettement inf\u00e9rieures aux normales saisonni\u00e8res de la r\u00e9gion concern\u00e9e.\u00a0\u00bb<\/p>\n<p class=\"\">Ce jeudi, M\u00e9t\u00e9o France a par ailleurs \u00e9mis une alerte jaune pour grand froid concernant seize d\u00e9partements\u00a0: le Finist\u00e8re, les C\u00f4tes-d\u2019Armor, le Morbihan, l\u2019Ille-et-Vilaine, la Mayenne, l\u2019Orne, la Manche, le Calvados, l\u2019Eure, l\u2019Eure-et-Loir, la Seine-Maritime, l\u2019Oise, la Somme, l\u2019Aisne, le Pas-de-Calais et le Nord.<\/p>\n","protected":false},"excerpt":{"rendered":"Ce plan, annonc\u00e9 par certains d\u00e9partements du Grand-Est, des Hauts-de-France ou encore de la Bretagne, vise \u00e0 prot\u00e9ger&hellip;\n","protected":false},"author":2,"featured_media":622279,"comment_status":"","ping_status":"","sticky":false,"template":"","format":"standard","meta":{"footnotes":""},"categories":[1888],"tags":[1111,1928,11,1927,1777,674,1011,27,2487,12,1926,626,1925,25,104],"class_list":{"0":"post-622278","1":"post","2":"type-post","3":"status-publish","4":"format-standard","5":"has-post-thumbnail","7":"category-paris","8":"tag-actu","9":"tag-actu-paris","10":"tag-actualites","11":"tag-actualites-paris","12":"tag-eu","13":"tag-europe","14":"tag-fr","15":"tag-france","16":"tag-meteo","17":"tag-news","18":"tag-news-paris","19":"tag-paris","20":"tag-paris-news","21":"tag-republique-francaise","22":"tag-societe"},"share_on_mastodon":{"url":"https:\/\/pubeurope.com\/@fr\/115782624705872263","error":""},"_links":{"self":[{"href":"https:\/\/www.europesays.com\/fr\/wp-json\/wp\/v2\/posts\/622278","targetHints":{"allow":["GET"]}}],"collection":[{"href":"https:\/\/www.europesays.com\/fr\/wp-json\/wp\/v2\/posts"}],"about":[{"href":"https:\/\/www.europesays.com\/fr\/wp-json\/wp\/v2\/types\/post"}],"author":[{"embeddable":true,"href":"https:\/\/www.europesays.com\/fr\/wp-json\/wp\/v2\/users\/2"}],"replies":[{"embeddable":true,"href":"https:\/\/www.europesays.com\/fr\/wp-json\/wp\/v2\/comments?post=622278"}],"version-history":[{"count":0,"href":"https:\/\/www.europesays.com\/fr\/wp-json\/wp\/v2\/posts\/622278\/revisions"}],"wp:featuredmedia":[{"embeddable":true,"href":"https:\/\/www.europesays.com\/fr\/wp-json\/wp\/v2\/media\/622279"}],"wp:attachment":[{"href":"https:\/\/www.europesays.com\/fr\/wp-json\/wp\/v2\/media?parent=622278"}],"wp:term":[{"taxonomy":"category","embeddable":true,"href":"https:\/\/www.europesays.com\/fr\/wp-json\/wp\/v2\/categories?post=622278"},{"taxonomy":"post_tag","embeddable":true,"href":"https:\/\/www.europesays.com\/fr\/wp-json\/wp\/v2\/tags?post=622278"}],"curies":[{"name":"wp","href":"https:\/\/api.w.org\/{rel}","templated":true}]}}