{"id":622294,"date":"2025-12-25T22:50:25","date_gmt":"2025-12-25T22:50:25","guid":{"rendered":"https:\/\/www.europesays.com\/fr\/622294\/"},"modified":"2025-12-25T22:50:25","modified_gmt":"2025-12-25T22:50:25","slug":"allemagne-la-messe-de-noel-perturbee-a-cologne-2","status":"publish","type":"post","link":"https:\/\/www.europesays.com\/fr\/622294\/","title":{"rendered":"Allemagne : la messe de No\u00ebl perturb\u00e9e \u00e0 Cologne"},"content":{"rendered":"<p>\n         Publi\u00e9 le<br \/>\n            25\/12\/2025 &#8211; 10:07 UTC+1\n            <\/p>\n<p>Plusieurs milliers de personnes ont assist\u00e9 aux v\u00eapres de No\u00ebl dans la cath\u00e9drale de Cologne la veille de No\u00ebl. Selon un article du journal BILD, une perturbation inhabituelle s&rsquo;est produite bri\u00e8vement pendant la messe.<\/p>\n<p>Comme l&rsquo;\u00e9crit le journal en se r\u00e9f\u00e9rant \u00e0 la police de Cologne, une personne a saut\u00e9 en avant parmi les participants \u00e0 la messe pendant la c\u00e9l\u00e9bration. L&rsquo;homme \u00e9tait donc enti\u00e8rement voil\u00e9, portait une cape noire, un masque dor\u00e9 ainsi que d&rsquo;autres accessoires voyants et s&rsquo;est mis \u00e0 danser devant l&rsquo;autel. Des agents de la cath\u00e9drale sont imm\u00e9diatement intervenus et ont fait sortir l&rsquo;individu de l&rsquo;\u00e9glise sans rencontrer de r\u00e9sistance.<\/p>\n<p>Selon le BILD, l&rsquo;intervention de la police n&rsquo;a pas \u00e9t\u00e9 n\u00e9cessaire et personne n&rsquo;a \u00e9t\u00e9 bless\u00e9. La messe a ensuite repris son cours.<\/p>\n<p>R\u00e9actions sur la toile : critique du manque de respect<\/p>\n<p>Une vid\u00e9o de l&rsquo;incident est ensuite apparue sur le canal Instagram d&rsquo;un artiste de Cologne. Dans les commentaires, les critiques ont pr\u00e9valu : de nombreux utilisateurs ont parl\u00e9 d&rsquo;un manque de respect envers le lieu et l&rsquo;\u00e9v\u00e9nement religieux.<\/p>\n<p>On ne sait rien pour l&rsquo;instant sur les raisons de cette action. Selon la police, aucune plainte p\u00e9nale n&rsquo;a \u00e9t\u00e9 d\u00e9pos\u00e9e \u00e0 ce jour.<\/p>\n","protected":false},"excerpt":{"rendered":"Publi\u00e9 le 25\/12\/2025 &#8211; 10:07 UTC+1 Plusieurs milliers de personnes ont assist\u00e9 aux v\u00eapres de No\u00ebl dans la&hellip;\n","protected":false},"author":2,"featured_media":622295,"comment_status":"","ping_status":"","sticky":false,"template":"","format":"standard","meta":{"footnotes":""},"categories":[1587],"tags":[11,672,1804,1896,1805,1803,12336,1777,674,1801,12,15830,1802],"class_list":{"0":"post-622294","1":"post","2":"type-post","3":"status-publish","4":"format-standard","5":"has-post-thumbnail","7":"category-allemagne","8":"tag-actualites","9":"tag-allemagne","10":"tag-bundesrepublik-deutschland","11":"tag-cologne","12":"tag-de","13":"tag-deutschland","14":"tag-eglise","15":"tag-eu","16":"tag-europe","17":"tag-germany","18":"tag-news","19":"tag-noel","20":"tag-republique-federale-dallemagne"},"share_on_mastodon":{"url":"https:\/\/pubeurope.com\/@fr\/115782655984356444","error":""},"_links":{"self":[{"href":"https:\/\/www.europesays.com\/fr\/wp-json\/wp\/v2\/posts\/622294","targetHints":{"allow":["GET"]}}],"collection":[{"href":"https:\/\/www.europesays.com\/fr\/wp-json\/wp\/v2\/posts"}],"about":[{"href":"https:\/\/www.europesays.com\/fr\/wp-json\/wp\/v2\/types\/post"}],"author":[{"embeddable":true,"href":"https:\/\/www.europesays.com\/fr\/wp-json\/wp\/v2\/users\/2"}],"replies":[{"embeddable":true,"href":"https:\/\/www.europesays.com\/fr\/wp-json\/wp\/v2\/comments?post=622294"}],"version-history":[{"count":0,"href":"https:\/\/www.europesays.com\/fr\/wp-json\/wp\/v2\/posts\/622294\/revisions"}],"wp:featuredmedia":[{"embeddable":true,"href":"https:\/\/www.europesays.com\/fr\/wp-json\/wp\/v2\/media\/622295"}],"wp:attachment":[{"href":"https:\/\/www.europesays.com\/fr\/wp-json\/wp\/v2\/media?parent=622294"}],"wp:term":[{"taxonomy":"category","embeddable":true,"href":"https:\/\/www.europesays.com\/fr\/wp-json\/wp\/v2\/categories?post=622294"},{"taxonomy":"post_tag","embeddable":true,"href":"https:\/\/www.europesays.com\/fr\/wp-json\/wp\/v2\/tags?post=622294"}],"curies":[{"name":"wp","href":"https:\/\/api.w.org\/{rel}","templated":true}]}}