{"id":622300,"date":"2025-12-25T22:54:18","date_gmt":"2025-12-25T22:54:18","guid":{"rendered":"https:\/\/www.europesays.com\/fr\/622300\/"},"modified":"2025-12-25T22:54:18","modified_gmt":"2025-12-25T22:54:18","slug":"on-repart-en-action-des-demain-les-agriculteurs-aveyronnais-projettent-une-nouvelle-operation-de-blocage","status":"publish","type":"post","link":"https:\/\/www.europesays.com\/fr\/622300\/","title":{"rendered":"\u00ab\u00a0On repart en action d\u00e8s demain\u00a0\u00bb\u00a0: les agriculteurs aveyronnais projettent une nouvelle op\u00e9ration de blocage"},"content":{"rendered":"<p>\n                                                                Les agriculteurs aveyronnais ont pass\u00e9 le r\u00e9veillon de No\u00ebl sur l\u2019autoroute. Une nouvelle action est dans les tuyaux pour la journ\u00e9e du 26\u00a0d\u00e9cembre.\n                            <\/p>\n<p>La tr\u00eave des confiseurs, les agriculteurs de la Coordination rurale de l\u2019Aveyron ne connaissent pas. Depuis le mois de novembre, ils occupent <a href=\"https:\/\/www.midilibre.fr\/actu\/circulation-deplacements\/autoroute-a75\/\" target=\"_self\" rel=\"noopener\">l\u2019autoroute A75<\/a> \u00e0 hauteur de <a href=\"https:\/\/www.midilibre.fr\/aveyron\/severac-d-aveyron\/\" target=\"_self\" rel=\"noopener\">S\u00e9v\u00e9rac-d\u2019Aveyron,<\/a> pour protester face \u00e0 la gestion de<a href=\"https:\/\/www.midilibre.fr\/2025\/12\/17\/dermatose-nodulaire-les-agriculteurs-aveyronnais-en-place-sur-les-barrages-au-moins-jusquau-19-decembre-13117071.php\" target=\"_self\" rel=\"noopener\"> la crise de la dermatose nodulaire contagieuse<\/a> (DNC) par le gouvernement. Les agriculteurs aveyronnais plaident pour que l\u2019abattage total des troupeaux ne soit plus la norme pour g\u00e9rer les cas de DNC dans un cheptel.<\/p>\n<p>En plus de cela, au c\u0153ur de la crise,<a href=\"https:\/\/www.midilibre.fr\/2025\/12\/20\/blocage-des-agriculteurs-le-president-bresilien-lula-appelle-lue-a-faire-preuve-de-courage-pour-signer-laccord-sur-le-mercosur-13123108.php\" target=\"_self\" rel=\"noopener\"> le Mercosur est arriv\u00e9 comme un souffle<\/a> sur des braises plus que chaudes. \u00c0 ce jour,<a href=\"https:\/\/www.midilibre.fr\/2025\/12\/25\/dermatose-nodulaire-les-agriculteurs-toujours-mobilises-sur-la75-a-severac-daveyron-13130575.php\" target=\"_self\" rel=\"noopener\"> la Coordination rurale tente de n\u00e9gocier avec l\u2019Etat<\/a> pour s\u2019assurer des garanties. Les derni\u00e8res discussions des instances nationales avec le gouvernement ont \u00e9t\u00e9 st\u00e9riles et sont loin de donner satisfaction aux agriculteurs.<\/p>\n<p>L\u2019Aveyron continue de bloquer<\/p>\n<p><a href=\"https:\/\/www.midilibre.fr\/aveyron\/\" target=\"_self\" rel=\"noopener\">L\u2019Aveyron<\/a> fait partie des d\u00e9partements o\u00f9 les blocages continuent malgr\u00e9 un petit essoufflement du mouvement. Apr\u00e8s<a href=\"https:\/\/www.midilibre.fr\/2025\/12\/14\/on-a-la-consigne-de-ne-pas-freiner-la-sous-prefecture-de-millau-entravee-par-les-agriculteurs-13110256.php\" target=\"_self\" rel=\"noopener\"> un arrosage de la sous-pr\u00e9fecture de Millau <\/a>et <a href=\"https:\/\/www.midilibre.fr\/2025\/12\/20\/apres-un-chasse-croise-avec-les-gendarmes-les-agriculteurs-ont-bloque-la75-sur-le-plateau-du-larzac-13123304.php\" target=\"_self\" rel=\"noopener\">d\u2019autres op\u00e9rations coup de poing,<\/a> ils avaient montr\u00e9 leur d\u00e9termination pour obtenir gain de cause. L\u2019arriv\u00e9e des f\u00eates de No\u00ebl n\u2019a pas emp\u00each\u00e9 une d\u00e9l\u00e9gation d\u2019une cinquantaine de personnes de passer le r\u00e9veillon sur les voies de l\u2019autoroute, avec de la neige en fond.<\/p>\n<p>La CR12 a \u00e9galement le soutien de la population qui continue de lui apporter des vivres et de quoi tenir ce point de blocage, QG de la contestation aveyronnaise.\u00a0\u00ab\u00a0Il y avait une cinquantaine de personnes et a priori ils ont pass\u00e9 une belle soir\u00e9e de r\u00e9veillon, note Eloi Nespoulous, l\u2019Aveyronnais pr\u00e9sident r\u00e9gional de la Coordination rurale. Pour le moment on tient, les citoyens ne nous oublient pas, ils nous ont apport\u00e9 du foie gras, des b\u00fbches et des petits fours pour passer le r\u00e9veillon. On voit qu\u2019on a l\u2019opinion avec nous.\u00a0\u00bb<\/p>\n<p>Un retour aux affaires ce vendredi 26\u00a0d\u00e9cembre\u00a0?<\/p>\n<p>Malgr\u00e9 ce jour de f\u00eate, pas question de prendre un jour f\u00e9ri\u00e9 en ce 25\u00a0d\u00e9cembre.\u00a0\u00ab\u00a0Ce soir [jeudi] on\u00a0a une r\u00e9union pour savoir quelle suite on donne, plante Eloi Nespoulous. Demain on repart en action.\u00a0\u00bb\u00a0Celle-ci n\u2019est pas encore d\u00e9finie. Mais de nouveaux blocages sont \u00e0 pr\u00e9voir dans la r\u00e9gion, <strong>d\u00e8s ce vendredi 26\u00a0d\u00e9cembre.<\/strong> Une sorte de boxing day\u00a0version CR12 qui pourrait faire monter d\u2019un cran la mobilisation agricole et donner le ton pour le d\u00e9but de l\u2019ann\u00e9e qui s\u2019annonce \u00e9galement mouvement\u00e9 de leur c\u00f4t\u00e9. La d\u00e9l\u00e9gation aveyronnaise pourrait \u00eatre rejointe par leurs homologues loz\u00e9riens. Le tout d\u00e9pendra de la r\u00e9union de ce jeudi soir, entre deux bouch\u00e9es de foie gras.<\/p>\n","protected":false},"excerpt":{"rendered":"Les agriculteurs aveyronnais ont pass\u00e9 le r\u00e9veillon de No\u00ebl sur l\u2019autoroute. Une nouvelle action est dans les tuyaux&hellip;\n","protected":false},"author":2,"featured_media":622301,"comment_status":"","ping_status":"","sticky":false,"template":"","format":"standard","meta":{"footnotes":""},"categories":[2],"tags":[11,327,18483,70814,33,1011,27,6209,12,25],"class_list":{"0":"post-622300","1":"post","2":"type-post","3":"status-publish","4":"format-standard","5":"has-post-thumbnail","7":"category-actualites","8":"tag-actualites","9":"tag-agriculture","10":"tag-aveyron","11":"tag-dermatose-nodulaire","12":"tag-economie","13":"tag-fr","14":"tag-france","15":"tag-millau","16":"tag-news","17":"tag-republique-francaise"},"share_on_mastodon":{"url":"https:\/\/pubeurope.com\/@fr\/115782671714577542","error":""},"_links":{"self":[{"href":"https:\/\/www.europesays.com\/fr\/wp-json\/wp\/v2\/posts\/622300","targetHints":{"allow":["GET"]}}],"collection":[{"href":"https:\/\/www.europesays.com\/fr\/wp-json\/wp\/v2\/posts"}],"about":[{"href":"https:\/\/www.europesays.com\/fr\/wp-json\/wp\/v2\/types\/post"}],"author":[{"embeddable":true,"href":"https:\/\/www.europesays.com\/fr\/wp-json\/wp\/v2\/users\/2"}],"replies":[{"embeddable":true,"href":"https:\/\/www.europesays.com\/fr\/wp-json\/wp\/v2\/comments?post=622300"}],"version-history":[{"count":0,"href":"https:\/\/www.europesays.com\/fr\/wp-json\/wp\/v2\/posts\/622300\/revisions"}],"wp:featuredmedia":[{"embeddable":true,"href":"https:\/\/www.europesays.com\/fr\/wp-json\/wp\/v2\/media\/622301"}],"wp:attachment":[{"href":"https:\/\/www.europesays.com\/fr\/wp-json\/wp\/v2\/media?parent=622300"}],"wp:term":[{"taxonomy":"category","embeddable":true,"href":"https:\/\/www.europesays.com\/fr\/wp-json\/wp\/v2\/categories?post=622300"},{"taxonomy":"post_tag","embeddable":true,"href":"https:\/\/www.europesays.com\/fr\/wp-json\/wp\/v2\/tags?post=622300"}],"curies":[{"name":"wp","href":"https:\/\/api.w.org\/{rel}","templated":true}]}}