{"id":622314,"date":"2025-12-25T23:07:27","date_gmt":"2025-12-25T23:07:27","guid":{"rendered":"https:\/\/www.europesays.com\/fr\/622314\/"},"modified":"2025-12-25T23:07:27","modified_gmt":"2025-12-25T23:07:27","slug":"dans-la-somme-marie-reconcilie-des-femmes-avec-leur-corps-en-les-photographiant","status":"publish","type":"post","link":"https:\/\/www.europesays.com\/fr\/622314\/","title":{"rendered":"Dans la Somme, Marie r\u00e9concilie des femmes avec leur corps en les photographiant"},"content":{"rendered":"<p>                    Par<br \/>\n        <strong><br \/>\n            <a href=\"https:\/\/actu.fr\/auteur\/redaction-abbeville\" title=\"Consulter tous les articles de R\u00e9daction Le Journal d&#039;Abbeville\" target=\"_blank\" rel=\"noopener\">R\u00e9daction Le Journal d&rsquo;Abbeville<\/a><br \/>\n                    <\/strong><\/p>\n<p>        Publi\u00e9 le<\/p>\n<p>            25 d\u00e9c. 2025 \u00e0 18h30        <\/p>\n<p data-end=\"650\">Entrer dans le studio de <b>Marie Legendre<\/b> \u00e0 <a href=\"https:\/\/actu.fr\/hauts-de-france\/fieffes-montrelet_80566\" target=\"_blank\" rel=\"noopener\">Fieffes-Montrelet<\/a> (Somme), c\u2019est p\u00e9n\u00e9trer dans <b>une bulle de bien-\u00eatre<\/b>. Ici, ce n\u2019est pas un lieu impersonnel, mais un espace o\u00f9 l\u2019on se sent accueilli et \u00e9cout\u00e9.<br \/>Le studio, am\u00e9nag\u00e9 dans la cour de l\u2019artiste, non loin de l\u2019\u00e9glise des Templiers, se d\u00e9couvre en franchissant une grille et en traversant la cour. D\u00e8s qu\u2019on pousse la porte, on se retrouve ailleurs.<\/p>\n<p>Une parenth\u00e8se hors du temps<\/p>\n<p data-end=\"1087\" class=\" wall-content\">Il y a bien s\u00fbr un \u00e9clairage soigneusement \u00e9tudi\u00e9, des fonds qui se d\u00e9roulent comme par magie, et des costumes. Sur la gauche, une table \u00e0 langer attend le b\u00e9b\u00e9 venu pour une s\u00e9ance photo avec sa m\u00e8re.<\/p>\n<p data-end=\"1087\" class=\" wall-content\">Sur une petite table, une cafeti\u00e8re diffuse une d\u00e9licieuse odeur de caf\u00e9 : la rencontre commence souvent autour d\u2019une tasse fumante. C\u2019est \u00e0 ce moment que Marie entre en communion avec les personnes, et non avec de simples clients.<\/p>\n<p>Des s\u00e9ances qui vont bien au-del\u00e0 de l\u2019image<\/p>\n<p data-end=\"1519\" class=\" wall-content\">Photographe depuis un an, Marie a vite compris que ses s\u00e9ances allaient bien au-del\u00e0 d\u2019un simple souvenir \u00e0 capturer. Ici, elle soigne avec son appareil photo.<\/p>\n<p data-end=\"1519\" class=\" wall-content\">Cadre infirmier en oncologie au CHU d\u2019Amiens, son exp\u00e9rience aupr\u00e8s de patients, et en particulier des femmes dont le corps a \u00e9t\u00e9 marqu\u00e9 par la maladie, lui a donn\u00e9 cette sensibilit\u00e9. Elle sait ce que signifie se sentir vuln\u00e9rable face \u00e0 son corps et \u00e0 ses cicatrices.<\/p>\n<p>Une vocation nourrie par le soin<\/p>\n<p data-end=\"1942\" class=\" wall-content\">Son histoire avec la photographie a commenc\u00e9 de mani\u00e8re personnelle, comme beaucoup : avec son t\u00e9l\u00e9phone, pour capturer des sc\u00e8nes de la vie familiale. Puis elle a investi dans son premier appareil photo, autodidacte, feuilletant livres et sites sp\u00e9cialis\u00e9s pour apprendre le dosage de la lumi\u00e8re.<\/p>\n<p>Votre r\u00e9gion, votre actu !<\/p>\n<p>Recevez chaque jour les infos qui comptent pour vous.<\/p>\n<p>\t<a href=\"https:\/\/actu.fr\/newsletter\" class=\"ac-btn ac-btn--corner ac-btn--medium ac-btn--blue800\" target=\"_blank\" rel=\"noopener\">S&rsquo;incrire<\/a><\/p>\n<p data-end=\"1942\" class=\" wall-content\">Son exp\u00e9rience de manipulatrice radio a renforc\u00e9 sa capacit\u00e9 \u00e0 approcher les personnes avec d\u00e9licatesse et bienveillance.<\/p>\n<p>R\u00e9concilier les femmes avec leur image<\/p>\n<p data-end=\"2389\" class=\" wall-content\">Ce sont surtout des femmes qui franchissent le seuil de son studio pour une s\u00e9ance intime, o\u00f9 l\u2019on ose montrer une partie de son corps, avec ou sans cicatrices. Certaines ont subi une op\u00e9ration, d\u2019autres portent quelques kilos en trop.<\/p>\n<p data-end=\"2389\" class=\" wall-content\">Marie met en confiance ses mod\u00e8les, les valorise sur des fonds neutres ou travaill\u00e9s. Gr\u00e2ce \u00e0 son art de la lumi\u00e8re, les marques de la vie s\u2019estompent, laissant place \u00e0 la beaut\u00e9 et \u00e0 la confiance retrouv\u00e9e.<\/p>\n<p data-end=\"2663\" class=\" wall-content\">Mais Marie photographie aussi des familles, des enfants et des animaux, notamment pendant les f\u00eates de fin d\u2019ann\u00e9e. Dans chaque s\u00e9ance, elle apporte du r\u00e9confort par sa pr\u00e9sence discr\u00e8te et sa bienveillance, utilisant son appareil photo comme un v\u00e9ritable outil de soin.<\/p>\n<p>Pour en savoir plus : Mar\u2019Ose Photographie sur les r\u00e9seaux sociaux.<\/p>\n<p class=\" wall-content\">Personnalisez votre actualit\u00e9 en ajoutant vos villes et m\u00e9dias en favori avec <a href=\"https:\/\/moncompte.actu.fr\" title=\"D\u00e9couvez Mon Actu\" rel=\"nofollow noopener\" data-trk=\"{&quot;cta&quot;:{&quot;action&quot;:&quot;https:\\\/\\\/moncompte.actu.fr&quot;,&quot;category&quot;:&quot;mon compte&quot;,&quot;from&quot;:&quot;article footer&quot;,&quot;name&quot;:&quot;Mon actu&quot;,&quot;type&quot;:&quot;cta&quot;}}\" target=\"_blank\">Mon Actu<\/a>.<\/p>\n","protected":false},"excerpt":{"rendered":"Par R\u00e9daction Le Journal d&rsquo;Abbeville Publi\u00e9 le 25 d\u00e9c. 2025 \u00e0 18h30 Entrer dans le studio de Marie&hellip;\n","protected":false},"author":2,"featured_media":622315,"comment_status":"","ping_status":"","sticky":false,"template":"","format":"standard","meta":{"footnotes":""},"categories":[1358],"tags":[1348,1384,1385,1386,58,59,1011,27,104],"class_list":{"0":"post-622314","1":"post","2":"type-post","3":"status-publish","4":"format-standard","5":"has-post-thumbnail","7":"category-arts-et-design","8":"tag-arts","9":"tag-arts-and-design","10":"tag-arts-et-design","11":"tag-design","12":"tag-divertissement","13":"tag-entertainment","14":"tag-fr","15":"tag-france","16":"tag-societe"},"share_on_mastodon":{"url":"https:\/\/pubeurope.com\/@fr\/115782722733511189","error":""},"_links":{"self":[{"href":"https:\/\/www.europesays.com\/fr\/wp-json\/wp\/v2\/posts\/622314","targetHints":{"allow":["GET"]}}],"collection":[{"href":"https:\/\/www.europesays.com\/fr\/wp-json\/wp\/v2\/posts"}],"about":[{"href":"https:\/\/www.europesays.com\/fr\/wp-json\/wp\/v2\/types\/post"}],"author":[{"embeddable":true,"href":"https:\/\/www.europesays.com\/fr\/wp-json\/wp\/v2\/users\/2"}],"replies":[{"embeddable":true,"href":"https:\/\/www.europesays.com\/fr\/wp-json\/wp\/v2\/comments?post=622314"}],"version-history":[{"count":0,"href":"https:\/\/www.europesays.com\/fr\/wp-json\/wp\/v2\/posts\/622314\/revisions"}],"wp:featuredmedia":[{"embeddable":true,"href":"https:\/\/www.europesays.com\/fr\/wp-json\/wp\/v2\/media\/622315"}],"wp:attachment":[{"href":"https:\/\/www.europesays.com\/fr\/wp-json\/wp\/v2\/media?parent=622314"}],"wp:term":[{"taxonomy":"category","embeddable":true,"href":"https:\/\/www.europesays.com\/fr\/wp-json\/wp\/v2\/categories?post=622314"},{"taxonomy":"post_tag","embeddable":true,"href":"https:\/\/www.europesays.com\/fr\/wp-json\/wp\/v2\/tags?post=622314"}],"curies":[{"name":"wp","href":"https:\/\/api.w.org\/{rel}","templated":true}]}}