{"id":622316,"date":"2025-12-25T23:10:25","date_gmt":"2025-12-25T23:10:25","guid":{"rendered":"https:\/\/www.europesays.com\/fr\/622316\/"},"modified":"2025-12-25T23:10:25","modified_gmt":"2025-12-25T23:10:25","slug":"il-y-a-13-ans-jour-pour-jour-downton-abbey-diffusait-lepisode-le-plus-triste-de-toute-la-serie","status":"publish","type":"post","link":"https:\/\/www.europesays.com\/fr\/622316\/","title":{"rendered":"Il y a 13 ans jour pour jour, Downton Abbey diffusait l\u2019\u00e9pisode le plus triste de toute la s\u00e9rie"},"content":{"rendered":"<p>Pour les fans de Downton Abbey, l\u2019ann\u00e9e 2025 a \u00e9t\u00e9 marqu\u00e9e par la sortie au cin\u00e9ma du troisi\u00e8me et dernier film issu de la saga. La s\u00e9rie historique anglaise a tir\u00e9 sa r\u00e9v\u00e9rence avec un ultime opus au titre \u00e9vocateur, <a href=\"https:\/\/www.programme-tv.net\/news\/cinema\/387078-downton-abbey-le-grand-final-la-franchise-adoree-tire-sa-reverence-avec-elegance-nostalgie-et-tendresse\/\" data-api-deeplink=\"teleloisirs:\/\/news\/387078\" target=\"_blank\" rel=\"noopener\">Downton Abbey 3 : Le Grand Final<\/a>. Un final en grande pompe au cours duquel Mary et la famille Crawley se sont attel\u00e9s \u00e0 trouver une solution pour sauver le ch\u00e2teau et l\u2019h\u00e9ritage familial, mis en p\u00e9ril par les mauvais choix de Harold Levinson, le fr\u00e8re de Cora, apr\u00e8s la mort de leur m\u00e8re. Mais, tout est bien qui finit bien et Downton Abbey a ainsi tourn\u00e9 la page, avec une sc\u00e8ne finale qui n\u2019a pas laiss\u00e9 un \u0153il sec dans les salles de cin\u00e9ma.<\/p>\n<p>Une s\u00e9quence qui a bien \u00e9videmment <a href=\"https:\/\/www.programme-tv.net\/news\/cinema\/386746-un-hommage-durable-a-sa-memoire-une-star-de-downton-abbey-en-dit-plus-sur-l-hommage-rendu-a-maggie-smith-dans-le-dernier-volet\/\" data-api-deeplink=\"teleloisirs:\/\/news\/386746\" target=\"_blank\" rel=\"noopener\">rendu hommage \u00e0 la d\u00e9funte Violet Crawley, et son interpr\u00e8te, la g\u00e9niale Maggie Smith<\/a>. Mais les fans de Downton Abbey ont aussi pu revoir d\u2019autres visages disparus de la saga. Car, si Downton Abbey a \u0153uvr\u00e9 pour raconter en six saisons la vie de la famille Crawley et de ses domestiques, celle-ci n\u2019a pas toujours \u00e9t\u00e9 un long fleuve tranquille. La s\u00e9rie a \u00e9t\u00e9 ponctu\u00e9e de moments dramatiques, comme<a href=\"https:\/\/www.programme-tv.net\/news\/series-tv\/392935-downton-abbey-cette-intrigue-choc-pour-laquelle-l-equipe-a-beaucoup-hesite\/\" data-api-deeplink=\"teleloisirs:\/\/news\/392935\" target=\"_blank\" rel=\"noopener\"> le viol de la douce Anna Bates, une intrigue pour laquelle le cr\u00e9ateur Julian Fellowes a beaucoup h\u00e9sit\u00e9.<\/a> \u00ab\u00a0Dans l&rsquo;ensemble, je pense que nous avons eu raison de le faire, mais comme vous pouvez l&rsquo;imaginer, nous \u00e9tions un peu inquiets quant \u00e0 la r\u00e9action du public de Downton Abbey\u00a0\u00bb, a r\u00e9cemment confi\u00e9 le sc\u00e9nariste.<\/p>\n<p>                        Downton Abbey : un \u00e9pisode sp\u00e9cial de No\u00ebl qui finit dans les larmes<\/p>\n<p>La s\u00e9rie a aussi mis en sc\u00e8ne la Premi\u00e8re Guerre mondiale et ses cons\u00e9quences sur le domaine, ce qui a d\u2019ailleurs donn\u00e9 lieu \u00e0 <a href=\"https:\/\/www.programme-tv.net\/news\/series-tv\/393839-downton-abbey-jai-bien-cru-tuer-le-cameraman-cette-scene-qui-a-donne-des-sueurs-froides-a-laura-carmichael-edith-et-a-la-production\/\" data-api-deeplink=\"teleloisirs:\/\/news\/393839\" target=\"_blank\" rel=\"noopener\">une s\u00e9quence qui a donn\u00e9 des sueurs froides \u00e0 l\u2019actrice Laura Carmichael ainsi qu\u2019\u00e0 la production.<\/a> Mais les fans gardent aussi en m\u00e9moire cet \u00e9pisode tragique, sans doute le plus triste de toute l\u2019histoire de Downton Abbey. Un \u00e9pisode diffus\u00e9 il y a 13 ans jour pour jour \u00e0 la t\u00e9l\u00e9vision anglaise. Le 25 d\u00e9cembre 2012, 10,28 millions de t\u00e9l\u00e9spectateurs britanniques \u00e9taient devant leur \u00e9cran, sur la cha\u00eene ITV1, pour d\u00e9couvrir l\u2019\u00e9pisode sp\u00e9cial de No\u00ebl de Downton Abbey, une tradition \u00e0 laquelle ils avaient pris go\u00fbt, autant que la dinde, la sauce aux airelles et le pudding. Mais ils ne s\u2019attendaient absolument pas \u00e0 une telle fin et \u00e0 devoir sortir les mouchoirs le soir de No\u00ebl.<\/p>\n<p>Au cours de cet \u00e9pisode de No\u00ebl de la saison 3 de Downton Abbey, les fans ont assist\u00e9 au mariage de Mary et Matthew, ainsi qu\u2019\u00e0 la naissance de leur fils, George. Mais l\u2019histoire a pris un tour tragique lorsque le jeune p\u00e8re de famille a trouv\u00e9 la mort dans un accident de voiture, \u00e0 la toute fin de l\u2019\u00e9pisode, alors qu\u2019il venait juste d\u2019aller voir Mary et le b\u00e9b\u00e9 \u00e0 l\u2019h\u00f4pital et qu\u2019il rentrait au ch\u00e2teau. Comme l&rsquo;a dit l&rsquo;acteur <a href=\"https:\/\/www.programme-tv.net\/biographie\/90204-leech-allen\/\" data-link-people=\"8c83a024-a838-4d58-9639-f434566dbf3e\" target=\"_blank\" rel=\"noopener\">Allen Leech<\/a> (Tom) en riant \u00e0 Dan Stevens : <a href=\"https:\/\/www.programme-tv.net\/news\/evenement\/disney-plus-streaming\/388282-downton-abbey-tu-as-ruine-noel-pour-tout-le-royaume-uni-les-acteurs-devoilent-leurs-episodes-preferes-de-la-serie\/\" data-api-deeplink=\"teleloisirs:\/\/news\/388282\" target=\"_blank\" rel=\"noopener\">\u00ab\u00a0Bravo, mon pote, tu as ruin\u00e9 No\u00ebl pour tout le Royaume-Uni\u00a0\u00bb.<\/a><\/p>\n<p>Downton Abbey : le cr\u00e9ateur Julian Fellowes n&rsquo;a jamais voulu faire mourir ce personnage<\/p>\n<p><a href=\"https:\/\/www.programme-tv.net\/news\/series-tv\/392172-downton-abbey-une-seule-mort-etait-volontaire-et-ce-netait-ni-celle-de-matthew-ni-celle-de-sybil\/\" data-api-deeplink=\"teleloisirs:\/\/news\/392172\" target=\"_blank\" rel=\"noopener\">Julian Fellowes, le cr\u00e9ateur de Downton Abbey, n\u2019a jamais souhait\u00e9 la mort de Matthew.<\/a> Mais la volont\u00e9 de l\u2019acteur Dan Stevens de quitter la s\u00e9rie lui a forc\u00e9 la main et la plume. <a href=\"https:\/\/www.programme-tv.net\/news\/series-tv\/351675-downton-abbey-dan-stevens-matthew-revient-sur-les-vraies-raisons-de-son-depart\/\" data-api-deeplink=\"teleloisirs:\/\/news\/351675\" target=\"_blank\" rel=\"noopener\">Le com\u00e9dien avait sign\u00e9 pour trois ans et avait envie de passer \u00e0 autre chose.<\/a> \u00ab\u00a0Lorsque le moment est venu, cela a \u00e9t\u00e9 une d\u00e9cision difficile \u00e0 prendre. Mais cela m\u2019a paru \u00eatre le bon moment pour faire le point et pour r\u00e9fl\u00e9chir. Sur un plan personnel, je voulais une opportunit\u00e9 de faire d\u2019autres choses. C\u2019est un job tr\u00e8s prenant\u00a0\u00bb, d\u00e9clarait-il \u00e0 l\u2019\u00e9poque. Une mort qui a boulevers\u00e9 les fans mais aussi les acteurs. \u00ab\u00a0J\u2019adorais jouer cette intrigue. Matthew et Mary \u00e9taient deux personnages que le public adorait. Donc, au d\u00e9but, c\u2019\u00e9tait vraiment \u00e9trange de ne plus \u00eatre avec Dan. Mais c\u2019est ce qui se passe dans ce m\u00e9tier, o\u00f9 l\u2019on doit toujours tourner la page\u00a0\u00bb a indiqu\u00e9 r\u00e9cemment <a href=\"https:\/\/www.programme-tv.net\/biographie\/68636-dockery-michelle\/\" data-link-people=\"fa16132e-7258-407d-8e3b-145df9062321\" target=\"_blank\" rel=\"noopener\">Michelle Dockery<\/a>, l\u2019interpr\u00e8te de Lady Mary. La fin de Downton Abbey 3 a donc rendu hommage \u00e0 Matthew.<\/p>\n","protected":false},"excerpt":{"rendered":"Pour les fans de Downton Abbey, l\u2019ann\u00e9e 2025 a \u00e9t\u00e9 marqu\u00e9e par la sortie au cin\u00e9ma du troisi\u00e8me&hellip;\n","protected":false},"author":2,"featured_media":622317,"comment_status":"","ping_status":"","sticky":false,"template":"","format":"standard","meta":{"footnotes":""},"categories":[1356],"tags":[2083,7196,244,73173,58,6932,59761,59,1011,27,59762,127,1722,129,252,1364],"class_list":{"0":"post-622316","1":"post","2":"type-post","3":"status-publish","4":"format-standard","5":"has-post-thumbnail","7":"category-television","8":"tag-bandes-annonces","9":"tag-cinu00e9ma","10":"tag-commentaire","11":"tag-dan-stevens","12":"tag-divertissement","13":"tag-downton-abbey","14":"tag-downton-abbey-iii-le-grand-final-1565695675","15":"tag-entertainment","16":"tag-fr","17":"tag-france","18":"tag-lily-james","19":"tag-netflix","20":"tag-pub-streaming-netflix","21":"tag-svod","22":"tag-television","23":"tag-tv"},"share_on_mastodon":{"url":"https:\/\/pubeurope.com\/@fr\/115782734992624922","error":""},"_links":{"self":[{"href":"https:\/\/www.europesays.com\/fr\/wp-json\/wp\/v2\/posts\/622316","targetHints":{"allow":["GET"]}}],"collection":[{"href":"https:\/\/www.europesays.com\/fr\/wp-json\/wp\/v2\/posts"}],"about":[{"href":"https:\/\/www.europesays.com\/fr\/wp-json\/wp\/v2\/types\/post"}],"author":[{"embeddable":true,"href":"https:\/\/www.europesays.com\/fr\/wp-json\/wp\/v2\/users\/2"}],"replies":[{"embeddable":true,"href":"https:\/\/www.europesays.com\/fr\/wp-json\/wp\/v2\/comments?post=622316"}],"version-history":[{"count":0,"href":"https:\/\/www.europesays.com\/fr\/wp-json\/wp\/v2\/posts\/622316\/revisions"}],"wp:featuredmedia":[{"embeddable":true,"href":"https:\/\/www.europesays.com\/fr\/wp-json\/wp\/v2\/media\/622317"}],"wp:attachment":[{"href":"https:\/\/www.europesays.com\/fr\/wp-json\/wp\/v2\/media?parent=622316"}],"wp:term":[{"taxonomy":"category","embeddable":true,"href":"https:\/\/www.europesays.com\/fr\/wp-json\/wp\/v2\/categories?post=622316"},{"taxonomy":"post_tag","embeddable":true,"href":"https:\/\/www.europesays.com\/fr\/wp-json\/wp\/v2\/tags?post=622316"}],"curies":[{"name":"wp","href":"https:\/\/api.w.org\/{rel}","templated":true}]}}