{"id":622318,"date":"2025-12-25T23:11:13","date_gmt":"2025-12-25T23:11:13","guid":{"rendered":"https:\/\/www.europesays.com\/fr\/622318\/"},"modified":"2025-12-25T23:11:13","modified_gmt":"2025-12-25T23:11:13","slug":"steve-harris-le-dit-simplement-cest-un-bel-accomplissement","status":"publish","type":"post","link":"https:\/\/www.europesays.com\/fr\/622318\/","title":{"rendered":"Steve Harris le dit simplement \u2014 \u00ab\u00a0C\u2019est un bel accomplissement\u00a0\u00bb"},"content":{"rendered":"<p><strong>Le 25 d\u00e9cembre 2025, <a href=\"https:\/\/www.metalzone.fr\/iron-maiden\/\" target=\"_blank\" rel=\"noopener\">Iron Maiden<\/a> c\u00e9l\u00e8bre ses 50 ans. Son fondateur, Steve Harris, \u00e9voque cet anniversaire avec lucidit\u00e9, sans s\u2019attarder sur le pass\u00e9.<\/strong><\/p>\n<p>Steve Harris : \u201cC\u2019est un bel accomplissement. Et tant que \u00e7a continue, tant mieux\u201d<\/p>\n<p>Il y a tout juste cinquante ans, Steve Harris montait la premi\u00e8re formation d\u2019Iron Maiden dans l\u2019est de Londres. Depuis, le groupe est devenu une r\u00e9f\u00e9rence du <a href=\"https:\/\/www.metalzone.fr\/heavy-metal\/\" target=\"_blank\" rel=\"noopener\">metal<\/a>. Dans une interview accord\u00e9e \u00e0 <a href=\"https:\/\/www.kerrang.com\/iron-maiden-50-year-anniversary-steve-harris-eddie\" target=\"_blank\" rel=\"noopener\">Kerrang!<\/a>, le bassiste commente cet anniversaire\u00a0: \u201cC\u2019est incroyable quand on y pense, mais on n\u2019y pense pas tant que \u00e7a. Ce sont surtout les autres qui nous le rappellent. Nous, on fait juste ce qu\u2019on a toujours fait. Mais oui, c\u2019est un bel accomplissement. Et tant que \u00e7a continue, tant mieux\u201d.<\/p>\n<p>Quant \u00e0 l\u2019id\u00e9e d\u2019une fin de carri\u00e8re, Harris reste mesur\u00e9\u00a0: \u201cJe ne pense pas \u00e0 la retraite. On sait tous que \u00e7a finira par arriver un jour ou l\u2019autre, mais pour l\u2019instant, je profite de chaque concert\u201d. Il confie aussi son envie de jouer dans des pays encore jamais visit\u00e9s par le groupe, comme la Tha\u00eflande.<\/p>\n<p>Iron Maiden : une ann\u00e9e 2026 d\u00e9j\u00e0 bien charg\u00e9e<\/p>\n<p>En 2026, Iron Maiden poursuivra sa tourn\u00e9e Run For Your Lives, consacr\u00e9e \u00e0 ses neuf premiers albums. Plusieurs dates sont d\u00e9j\u00e0 annonc\u00e9es : Paris La D\u00e9fense Arena, le <a href=\"https:\/\/www.metalzone.fr\/hellfest\/\" target=\"_blank\" rel=\"noopener\">Hellfest<\/a>, le Groupama Stadium \u00e0 Lyon, ou encore Knebworth le 11 juillet.<\/p>\n<p>Le groupe continue aussi de susciter l\u2019engouement c\u00f4t\u00e9 disques. La r\u00e9\u00e9dition vinyle de Live After Death, sorti en 1985, vient de d\u00e9crocher la premi\u00e8re place des ventes au Royaume-Uni. Un nouveau jalon pour Maiden, cinquante ans apr\u00e8s ses d\u00e9buts.<\/p>\n","protected":false},"excerpt":{"rendered":"Le 25 d\u00e9cembre 2025, Iron Maiden c\u00e9l\u00e8bre ses 50 ans. Son fondateur, Steve Harris, \u00e9voque cet anniversaire avec&hellip;\n","protected":false},"author":2,"featured_media":581344,"comment_status":"","ping_status":"","sticky":false,"template":"","format":"standard","meta":{"footnotes":""},"categories":[1355],"tags":[58,59,1011,27,1361,873],"class_list":{"0":"post-622318","1":"post","2":"type-post","3":"status-publish","4":"format-standard","5":"has-post-thumbnail","7":"category-musique","8":"tag-divertissement","9":"tag-entertainment","10":"tag-fr","11":"tag-france","12":"tag-music","13":"tag-musique"},"share_on_mastodon":{"url":"https:\/\/pubeurope.com\/@fr\/115782738551881139","error":""},"_links":{"self":[{"href":"https:\/\/www.europesays.com\/fr\/wp-json\/wp\/v2\/posts\/622318","targetHints":{"allow":["GET"]}}],"collection":[{"href":"https:\/\/www.europesays.com\/fr\/wp-json\/wp\/v2\/posts"}],"about":[{"href":"https:\/\/www.europesays.com\/fr\/wp-json\/wp\/v2\/types\/post"}],"author":[{"embeddable":true,"href":"https:\/\/www.europesays.com\/fr\/wp-json\/wp\/v2\/users\/2"}],"replies":[{"embeddable":true,"href":"https:\/\/www.europesays.com\/fr\/wp-json\/wp\/v2\/comments?post=622318"}],"version-history":[{"count":0,"href":"https:\/\/www.europesays.com\/fr\/wp-json\/wp\/v2\/posts\/622318\/revisions"}],"wp:featuredmedia":[{"embeddable":true,"href":"https:\/\/www.europesays.com\/fr\/wp-json\/wp\/v2\/media\/581344"}],"wp:attachment":[{"href":"https:\/\/www.europesays.com\/fr\/wp-json\/wp\/v2\/media?parent=622318"}],"wp:term":[{"taxonomy":"category","embeddable":true,"href":"https:\/\/www.europesays.com\/fr\/wp-json\/wp\/v2\/categories?post=622318"},{"taxonomy":"post_tag","embeddable":true,"href":"https:\/\/www.europesays.com\/fr\/wp-json\/wp\/v2\/tags?post=622318"}],"curies":[{"name":"wp","href":"https:\/\/api.w.org\/{rel}","templated":true}]}}