{"id":62232,"date":"2025-04-29T16:36:08","date_gmt":"2025-04-29T16:36:08","guid":{"rendered":"https:\/\/www.europesays.com\/fr\/62232\/"},"modified":"2025-04-29T16:36:08","modified_gmt":"2025-04-29T16:36:08","slug":"un-homme-place-en-detention-provisoire","status":"publish","type":"post","link":"https:\/\/www.europesays.com\/fr\/62232\/","title":{"rendered":"un homme plac\u00e9 en d\u00e9tention provisoire"},"content":{"rendered":"<p>\u00c0 Ajaccio, <a href=\"https:\/\/www.corsematin.com\/article\/faits-diversjustice\/18959766844880\/ajaccio-un-homme-en-garde-a-vue-pour-avoir-tente-de-faire-monter-des-enfants-dans-sa-voiture\" target=\"_blank\" rel=\"noopener\">l&rsquo;homme interpell\u00e9 samedi 26\u00a0avril<\/a> apr\u00e8s avoir tent\u00e9 de faire monter plusieurs jeunes filles dans sa voiture a \u00e9t\u00e9 \u00ab\u00a0plac\u00e9 en d\u00e9tention provisoire apr\u00e8s avoir \u00e9t\u00e9 mis en examen du chef de tentative d&rsquo;enl\u00e8vement aggrav\u00e9e sur mineures\u00a0\u00bb, a indiqu\u00e9 ce mardi 29\u00a0avril le procureur de la R\u00e9publique Nicolas Septe.<\/p>\n<p>\u00c2g\u00e9 de 48 ans, Fouad Benfatah avait \u00e9t\u00e9 arr\u00eat\u00e9 dans le quartier des Cannes apr\u00e8s un refus d&rsquo;obtemp\u00e9rer. Il aurait, selon les t\u00e9moignages recueillis, abord\u00e9 une jeune femme de 26 ans et trois mineures pour les faire monter dans son v\u00e9hicule. Deux policiers, mobilis\u00e9s lors de l&rsquo;interpellation, ont port\u00e9 plainte pour mise en danger de la vie d&rsquo;autrui. Du mat\u00e9riel informatique a \u00e9t\u00e9 saisi \u00e0 son domicile. Le suspect est connu de la justice pour des faits de droit commun.<\/p>\n<p>T\u00e9moignage du p\u00e8re de l&rsquo;une des plaignantes<\/p>\n<p>\u00ab\u00a0Ma fille ne dort plus, elle ne veut plus sortir de la maison ni aller \u00e0 l&rsquo;\u00e9cole alors qu&rsquo;elle passe le brevet blanc dans deux semaines\u00a0\u00bb, confie le p\u00e8re de l&rsquo;une des plaignantes \u00e0 Corse Matin. Au lendemain des faits, il avait relat\u00e9 les circonstances dans lesquelles ils s&rsquo;\u00e9taient produits\u00a0: \u00ab\u00a0Alors qu&rsquo;elles se rendaient au petit Leclerc sur la Rocade vers 19\u00a0h\u00a030, ma fille, qui a 14 ans, et ma s\u0153ur, \u00e2g\u00e9e de 26 ans, ont \u00e9t\u00e9 suivies par le conducteur d&rsquo;une Mercedes. Ce dernier a exig\u00e9 qu&rsquo;elles montent dans son v\u00e9hicule. Effray\u00e9es et poursuivies par cet individu qui klaxonnait, elles ont couru pour se r\u00e9fugier dans un commerce. Ma s\u0153ur a appel\u00e9 la police qui est arriv\u00e9e tr\u00e8s rapidement sur les lieux. Heureusement, car cet homme \u00e9tait en train de convaincre deux petites filles de 7 et 8 ans de monter dans son v\u00e9hicule.\u00a0\u00bb<\/p>\n<p>\u00c0 l&rsquo;initiative des familles et du d\u00e9l\u00e9gu\u00e9 du RN Fran\u00e7ois Filoni, un rassemblement est organis\u00e9 le 11\u00a0mai prochain \u00e0 10\u00a0h\u00a030 devant le gymnase des Cannes, avec pour mot d&rsquo;ordre\u00a0: \u00ab\u00a0On ne touche pas aux enfants\u00a0\u00bb.<\/p>\n","protected":false},"excerpt":{"rendered":"\u00c0 Ajaccio, l&rsquo;homme interpell\u00e9 samedi 26\u00a0avril apr\u00e8s avoir tent\u00e9 de faire monter plusieurs jeunes filles dans sa voiture&hellip;\n","protected":false},"author":2,"featured_media":62233,"comment_status":"","ping_status":"","sticky":false,"template":"","format":"standard","meta":{"footnotes":""},"categories":[4],"tags":[17,11,5622,1102,15986,4773,274,1011,27,4933,12,5536,6190,25,7451],"class_list":{"0":"post-62232","1":"post","2":"type-post","3":"status-publish","4":"format-standard","5":"has-post-thumbnail","7":"category-france","8":"tag-17","9":"tag-actualites","10":"tag-ajaccio","11":"tag-breakingnews","12":"tag-denlevement","13":"tag-detention","14":"tag-faits-divers-justice","15":"tag-fr","16":"tag-france","17":"tag-homme","18":"tag-news","19":"tag-place","20":"tag-provisoire","21":"tag-republique-francaise","22":"tag-tentative"},"share_on_mastodon":{"url":"https:\/\/pubeurope.com\/@fr\/114422230773396654","error":""},"_links":{"self":[{"href":"https:\/\/www.europesays.com\/fr\/wp-json\/wp\/v2\/posts\/62232","targetHints":{"allow":["GET"]}}],"collection":[{"href":"https:\/\/www.europesays.com\/fr\/wp-json\/wp\/v2\/posts"}],"about":[{"href":"https:\/\/www.europesays.com\/fr\/wp-json\/wp\/v2\/types\/post"}],"author":[{"embeddable":true,"href":"https:\/\/www.europesays.com\/fr\/wp-json\/wp\/v2\/users\/2"}],"replies":[{"embeddable":true,"href":"https:\/\/www.europesays.com\/fr\/wp-json\/wp\/v2\/comments?post=62232"}],"version-history":[{"count":0,"href":"https:\/\/www.europesays.com\/fr\/wp-json\/wp\/v2\/posts\/62232\/revisions"}],"wp:featuredmedia":[{"embeddable":true,"href":"https:\/\/www.europesays.com\/fr\/wp-json\/wp\/v2\/media\/62233"}],"wp:attachment":[{"href":"https:\/\/www.europesays.com\/fr\/wp-json\/wp\/v2\/media?parent=62232"}],"wp:term":[{"taxonomy":"category","embeddable":true,"href":"https:\/\/www.europesays.com\/fr\/wp-json\/wp\/v2\/categories?post=62232"},{"taxonomy":"post_tag","embeddable":true,"href":"https:\/\/www.europesays.com\/fr\/wp-json\/wp\/v2\/tags?post=62232"}],"curies":[{"name":"wp","href":"https:\/\/api.w.org\/{rel}","templated":true}]}}