{"id":622321,"date":"2025-12-25T23:13:18","date_gmt":"2025-12-25T23:13:18","guid":{"rendered":"https:\/\/www.europesays.com\/fr\/622321\/"},"modified":"2025-12-25T23:13:18","modified_gmt":"2025-12-25T23:13:18","slug":"voici-le-nombre-precis-damis-a-avoir-pour-se-sentir-mieux-mentalement-selon-les-chercheurs","status":"publish","type":"post","link":"https:\/\/www.europesays.com\/fr\/622321\/","title":{"rendered":"voici le nombre pr\u00e9cis d\u2019amis \u00e0 avoir pour se sentir mieux mentalement, selon les chercheurs"},"content":{"rendered":"<p>Anxi\u00e9t\u00e9, d\u00e9pression : combien d\u2019amis pour aller mieux<br \/>\nmentalement ?<\/p>\n<p>Et si une poign\u00e9e d\u2019amis suffisait \u00e0 att\u00e9nuer<br \/>\nl\u2019<strong>anxi\u00e9t\u00e9<\/strong> et la <strong>d\u00e9pression<\/strong> ? D\u00e8s<br \/>\nl\u2019enfance puis tout au long de la vie, les liens d\u2019amiti\u00e9 servent<br \/>\nde filet de s\u00e9curit\u00e9 \u00e9motionnel, surtout quand on peut parler sans<br \/>\ncrainte ni jugement. Les \u00e9tudes convergent : l\u2019entourage proche<br \/>\nparticipe \u00e0 une meilleure <strong>sant\u00e9 mentale<\/strong> et \u00e0 un<br \/>\nquotidien plus stable. Reste une question qui obs\u00e8de beaucoup de<br \/>\nparents et d\u2019ados, mais aussi d\u2019adultes press\u00e9s.<\/p>\n<p>Combien d\u2019amis faut-il vraiment pour ressentir cet effet<br \/>\nprotecteur, sans que la pression sociale ne g\u00e2che tout ? Des<br \/>\nchercheurs ont creus\u00e9 la question en regardant de pr\u00e8s la qualit\u00e9<br \/>\net la densit\u00e9 du r\u00e9seau amical \u00e0 un \u00e2ge charni\u00e8re. Ils ont aussi<br \/>\nmesur\u00e9 l\u2019\u00e9cho sur le bien-\u00eatre et la r\u00e9ussite scolaire. La r\u00e9ponse<br \/>\ntient en un petit chiffre.<\/p>\n<p>\u00c9tude de l\u2019Universit\u00e9 Fudan sur l\u2019adolescence et la sant\u00e9<br \/>\nmentale<\/p>\n<p>En Chine, des chercheurs de l\u2019<strong>Universit\u00e9 Fudan<\/strong><br \/>\nont suivi les interactions sociales de <strong>23 500<\/strong><br \/>\njeunes \u00e2g\u00e9s de <strong>10 \u00e0 12 ans<\/strong>. Cette transition vers<br \/>\nl\u2019<strong>adolescence<\/strong> correspond \u00e0 une p\u00e9riode o\u00f9 le<br \/>\ncerveau se reconfigure intens\u00e9ment, rendant les relations sociales<br \/>\nparticuli\u00e8rement influentes. Les adolescents isol\u00e9s ou mal entour\u00e9s<br \/>\nont rapport\u00e9 davantage de sympt\u00f4mes d\u2019<strong>anxi\u00e9t\u00e9<\/strong> et<br \/>\nde <strong>d\u00e9pression<\/strong>. \u00c0 l\u2019inverse, ceux qui tissaient des<br \/>\nliens solides affichaient un meilleur bien-\u00eatre et de meilleurs<br \/>\nr\u00e9sultats scolaires.<\/p>\n<p>Au centre des r\u00e9sultats, un rep\u00e8re simple \u00e9merge : le cercle<br \/>\noptimal compterait <strong>cinq amis<\/strong> proches. Ce seuil ne<br \/>\nc\u00e9l\u00e8bre pas la quantit\u00e9, il met en avant la <strong>qualit\u00e9 des<br \/>\nrelations<\/strong>. Des interactions r\u00e9guli\u00e8res avec ce petit noyau<br \/>\nsoutiendraient le <strong>d\u00e9veloppement cognitif<\/strong> et<br \/>\nancreraient une vraie <strong>stabilit\u00e9 \u00e9motionnelle<\/strong> chez<br \/>\nl\u2019ado, selon les chercheurs.<\/p>\n<p>Pourquoi 5 amis, le nombre id\u00e9al selon les chercheurs<\/p>\n<p>Cinq, c\u2019est assez pour multiplier les points de vue et trouver<br \/>\nun soutien disponible, sans diluer l\u2019intimit\u00e9. Trop peu d\u2019amis<br \/>\nexpose \u00e0 des temps morts relationnels o\u00f9 personne n\u2019est joignable,<br \/>\nce qui nourrit la rumination. Trop d\u2019amis disperse l\u2019attention,<br \/>\n\u00e9paissit le bruit social et rend les liens plus superficiels. Cette<br \/>\nzone d\u2019\u00e9quilibre maximise la confiance, la r\u00e9ciprocit\u00e9 et<br \/>\nl\u2019entraide concr\u00e8te.<\/p>\n<p>La m\u00e9canique est aussi neuro-\u00e9motionnelle. \u00ab\u00a0Le cerveau se<br \/>\nd\u00e9veloppe dans un contexte relationnel. Les gens qui nous entourent<br \/>\njouent un r\u00f4le important dans la r\u00e9gulation de notre comportement<br \/>\n\u00e9motionnel et social\u00a0\u00bb, affirme Emi Bondi, directrice du service de<br \/>\nsant\u00e9 mentale de l\u2019h\u00f4pital Papa Giovanni XXIII de Bergame dans les<br \/>\ncolonnes du Journal des Femmes. En clair, un petit groupe investi<br \/>\nagit comme un stabilisateur quotidien, capable de calmer le stress<br \/>\net d\u2019encourager les bonnes habitudes.<\/p>\n<p>Que faire si vous n\u2019avez pas 5 amis<br \/>\nproches aujourd\u2019hui ?<\/p>\n<p>Bonne nouvelle : ce chiffre est un cap, pas un couperet. Un,<br \/>\ndeux ou trois amis avec qui l\u2019on parle en profondeur, c\u2019est d\u00e9j\u00e0<br \/>\npr\u00e9cieux et protecteur. Les travaux du professeur <strong>Robert<br \/>\nWaldinger<\/strong> montrent d\u2019ailleurs que des relations fortes<br \/>\ncontribuent \u00e0 une bonne sant\u00e9 globale, m\u00eame apr\u00e8s 60 ans. L\u2019enjeu<br \/>\nreste de renforcer des liens existants, d\u2019encourager la r\u00e9gularit\u00e9<br \/>\ndes \u00e9changes et la disponibilit\u00e9 mutuelle.<\/p>\n<p>Pour \u00e9largir sereinement son cercle, mieux vaut viser la qualit\u00e9<br \/>\n: activit\u00e9s partag\u00e9es, projets communs, coups de main concrets,<br \/>\ntemps sans \u00e9cran. Les communaut\u00e9s locales, associations et clubs<br \/>\naident \u00e0 cr\u00e9er des rencontres r\u00e9p\u00e9t\u00e9es, propices \u00e0 la confiance.<br \/>\nLes contacts en ligne peuvent soutenir, mais ne remplacent pas<br \/>\ntoujours la chaleur d\u2019un caf\u00e9 en face \u00e0 face. Et si<br \/>\nl\u2019<strong>anxi\u00e9t\u00e9<\/strong> ou la <strong>d\u00e9pression<\/strong><br \/>\ns\u2019installent, l\u2019appui d\u2019amis ne dispense jamais d\u2019un suivi<br \/>\nprofessionnel quand il est n\u00e9cessaire.<\/p>\n","protected":false},"excerpt":{"rendered":"Anxi\u00e9t\u00e9, d\u00e9pression : combien d\u2019amis pour aller mieux mentalement ? Et si une poign\u00e9e d\u2019amis suffisait \u00e0 att\u00e9nuer&hellip;\n","protected":false},"author":2,"featured_media":622322,"comment_status":"","ping_status":"","sticky":false,"template":"","format":"standard","meta":{"footnotes":""},"categories":[10],"tags":[930,13041,2074,6661,7079,73174,2073,1011,27,72,151,59293,32557,19256,471,69809,71,16283,15298,41893,6013],"class_list":{"0":"post-622321","1":"post","2":"type-post","3":"status-publish","4":"format-standard","5":"has-post-thumbnail","7":"category-sante","8":"tag-le","9":"tag-a","10":"tag-anxiete","11":"tag-avoir","12":"tag-chercheurs","13":"tag-damis","14":"tag-depression","15":"tag-fr","16":"tag-france","17":"tag-health","18":"tag-les","19":"tag-mentalement","20":"tag-mieux","21":"tag-nombre","22":"tag-pour","23":"tag-precis","24":"tag-sante","25":"tag-se","26":"tag-selon","27":"tag-sentir","28":"tag-voici"},"share_on_mastodon":{"url":"https:\/\/pubeurope.com\/@fr\/115782746401433074","error":""},"_links":{"self":[{"href":"https:\/\/www.europesays.com\/fr\/wp-json\/wp\/v2\/posts\/622321","targetHints":{"allow":["GET"]}}],"collection":[{"href":"https:\/\/www.europesays.com\/fr\/wp-json\/wp\/v2\/posts"}],"about":[{"href":"https:\/\/www.europesays.com\/fr\/wp-json\/wp\/v2\/types\/post"}],"author":[{"embeddable":true,"href":"https:\/\/www.europesays.com\/fr\/wp-json\/wp\/v2\/users\/2"}],"replies":[{"embeddable":true,"href":"https:\/\/www.europesays.com\/fr\/wp-json\/wp\/v2\/comments?post=622321"}],"version-history":[{"count":0,"href":"https:\/\/www.europesays.com\/fr\/wp-json\/wp\/v2\/posts\/622321\/revisions"}],"wp:featuredmedia":[{"embeddable":true,"href":"https:\/\/www.europesays.com\/fr\/wp-json\/wp\/v2\/media\/622322"}],"wp:attachment":[{"href":"https:\/\/www.europesays.com\/fr\/wp-json\/wp\/v2\/media?parent=622321"}],"wp:term":[{"taxonomy":"category","embeddable":true,"href":"https:\/\/www.europesays.com\/fr\/wp-json\/wp\/v2\/categories?post=622321"},{"taxonomy":"post_tag","embeddable":true,"href":"https:\/\/www.europesays.com\/fr\/wp-json\/wp\/v2\/tags?post=622321"}],"curies":[{"name":"wp","href":"https:\/\/api.w.org\/{rel}","templated":true}]}}