{"id":622323,"date":"2025-12-25T23:14:13","date_gmt":"2025-12-25T23:14:13","guid":{"rendered":"https:\/\/www.europesays.com\/fr\/622323\/"},"modified":"2025-12-25T23:14:13","modified_gmt":"2025-12-25T23:14:13","slug":"le-flop-5-international-de-la-redaction","status":"publish","type":"post","link":"https:\/\/www.europesays.com\/fr\/622323\/","title":{"rendered":"Le Flop 5 international de la r\u00e9daction"},"content":{"rendered":"<p><strong>L&rsquo;ann\u00e9e 2025 a \u00e9t\u00e9 riche en<br \/>\n\u00e9v\u00e9nements sportifs. Les stars du sport, fran\u00e7aises ou \u00e9trang\u00e8res,<br \/>\nnous ont impressionn\u00e9s ou nous ont d\u00e9\u00e7us. En ce jour de No\u00ebl, la<br \/>\nr\u00e9daction vous livre son Flop 5 international de 2025 (hors<br \/>\nfootball).<\/strong><\/p>\n<p>N\u00b01 : Hamilton, tr\u00e8s attendu chez<br \/>\nFerrari, mais d\u00e9cevant<\/p>\n<p>C\u2019\u00e9tait LE transfert de l\u2019intersaison 2025. L\u2019un des pilotes les<br \/>\nplus titr\u00e9s de l\u2019histoire rejoignait l\u2019\u00e9curie la plus embl\u00e9matique.<br \/>\nPour l\u2019ann\u00e9e de ses 40 ans, Lewis Hamilton voulait r\u00e9galer les<br \/>\ntifosi au volant de la Ferrari, et sa premi\u00e8re photo aux c\u00f4t\u00e9s<br \/>\nd\u2019une voiture rouge est devenue la plus \u00ab lik\u00e9e \u00bb de l\u2019histoire de<br \/>\nla F1 sur Instagram. Mais la montagne a accouch\u00e9 d\u2019une souris. Le<br \/>\nBritannique a termin\u00e9 6e du championnat des pilotes (une place de<br \/>\nmieux que l\u2019an pass\u00e9 avec Mercedes), avec son pire total de points<br \/>\ndepuis 2009. Pas aid\u00e9 par une Ferrari seulement quatri\u00e8me \u00e9curie du<br \/>\nplateau, Hamilton n\u2019a jamais trouv\u00e9 la cl\u00e9 lors de cette saison<br \/>\nsans podium, une premi\u00e8re dans son immense carri\u00e8re, pendant que<br \/>\nson co\u00e9quipier Charles Leclerc parvenait \u00e0 glaner 86 points et sept<br \/>\npodiums de plus que lui. Disqualifi\u00e9 en Chine, le Britannique a<br \/>\nensuite encha\u00een\u00e9 onze Grands Prix dans les points, puis cinq autres<br \/>\nen septembre-octobre, <strong>mais ses quatri\u00e8mes places en<br \/>\nEmilie-Romagne, en Autriche, en Grande-Bretagne et aux Etats-Unis<br \/>\nresteront de tristes sommets dans une saison extr\u00eamement<br \/>\nfrustrante<\/strong>, o\u00f9 il a en plus d\u00fb faire face au d\u00e9c\u00e8s de son<br \/>\nchien. Le changement de r\u00e9glementation en 2026, pour lequel il<br \/>\ns\u2019est d\u00e9j\u00e0 montr\u00e9 tr\u00e8s impliqu\u00e9, lui sera-t-il b\u00e9n\u00e9fique ?<\/p>\n<p>N\u00b02 :<br \/>\nMedvedev, une saison \u00e0 oublier<\/p>\n<p>A l\u2019instar d\u2019Alexander Zverev ou<br \/>\nStefanos Tsitsipas, il incarne la g\u00e9n\u00e9ration post-Big Four, qui<br \/>\nn\u2019est pas parvenue \u00e0 s\u2019affirmer avant l\u2019arriv\u00e9e d\u2019une nouvelle<br \/>\ng\u00e9n\u00e9ration de cadors, celle de Carlos Alcaraz et Jannik Sinner.<br \/>\nContrairement \u00e0 l\u2019Allemand et au Grec, Daniil Medvedev a au moins<br \/>\nr\u00e9ussi \u00e0 gagner un tournoi du Grand Chelem (l\u2019US Open 2021), mais<br \/>\non a d\u00e9sormais du mal \u00e0 l\u2019imaginer en gagner un deuxi\u00e8me. L\u2019avenir<br \/>\nnous le dira, mais l\u2019ann\u00e9e 2025 a peut-\u00eatre \u00e9t\u00e9 celle du d\u00e9but de<br \/>\nla fin pour le joueur de 29 ans, qui a commenc\u00e9 la saison n\u00b05<br \/>\nmondial, pour la finir n\u00b013, avec m\u00eame quelques semaines pass\u00e9es au<br \/>\n18e rang. Daniil Medvedev n\u2019a gagn\u00e9 qu\u2019un match en Grand Chelem<br \/>\ncette ann\u00e9e et a sauv\u00e9 l\u2019honneur en disputant deux demi-finales en<br \/>\nMasters 1000 (\u00e0 Indian Wells et Shanghai). Il n\u2019a pas toujours eu<br \/>\nun comportement appropri\u00e9 sur le court, \u00e0 l\u2019image de son triste<br \/>\nspectacle offert au premier tour de l\u2019US Open contre Benjamin<br \/>\nBonzi. <strong>Ce fut d\u2019ailleurs le dernier match o\u00f9 son coach de<br \/>\ntoujours, Gilles Cervara, \u00e9tait dans la box. Les deux hommes se<br \/>\nsont s\u00e9par\u00e9s le 31 ao\u00fbt.<\/strong> Medvedev a bien rebondi en<br \/>\ngagnant son premier tournoi depuis mai 2023,mais c\u2019\u00e9tait l\u2019ATP 250<br \/>\nd\u2019Almaty, o\u00f9 il n\u2019a battu aucun joueur du Top 40. Cela semble<br \/>\ninsuffisant pour qu\u2019il puisse se m\u00ealer \u00e0 la lutte Alcaraz-Sinner en<br \/>\n2026.<\/p>\n<p>N\u00b03 : Le XV du Poireau au fond du<br \/>\nseau<\/p>\n<p>Que la victoire du pays de Galles lors du Tournoi des 6 Nations<br \/>\nen 2021 semble d\u00e9j\u00e0 tr\u00e8s, tr\u00e8s loin. On se demande d\u2019ailleurs<br \/>\npresque comment le XV du Poireau a depuis pu d\u00e9gringoler autant et<br \/>\naussi vite. Car, d\u00e9sormais, l\u2019\u00e9quipe qui \u00e9volue \u00e0 domicile au<br \/>\nPrincipality Stadium de Cardiff encha\u00eene\u2026 les cuill\u00e8res de bois !<br \/>\nEn effet, apr\u00e8s celle de 2024, les Gallois ont r\u00e9alis\u00e9 le doubl\u00e9<br \/>\ncette ann\u00e9e en finissant encore une fois derri\u00e8re l\u2019Italie. Symbole<br \/>\nde la tr\u00e8s longue travers\u00e9e du d\u00e9sert que connait le rugby gallois,<br \/>\nle 12 juillet dernier, les co\u00e9quipiers de Josh Adams mettaient fin<br \/>\n\u00e0 une terrible s\u00e9rie de 18 d\u00e9faites de suite en battant le Japon<br \/>\n(31-22), eux qui n\u2019avaient plus gagn\u00e9 avant cela depuis la Coupe du<br \/>\nmonde 2023 (43-19 contre la G\u00e9orgie). Depuis, le bilan des joueurs<br \/>\nde Steve Tandy, qui a succ\u00e9d\u00e9 \u00e0 Warren Gatland et \u00e0 l\u2019int\u00e9rimaire<br \/>\nMatt Sherratt, n\u2019est pas bien meilleur avec un succ\u00e8s (24-23<br \/>\ncontre\u2026 le Japon) pour trois d\u00e9faites (28-52 contre Argentine,<br \/>\n26-52 face \u00e0 la Nouvelle-Z\u00e9lande et un terrible 0-73 contre<br \/>\nl\u2019Afrique du Sud), lors de la tourn\u00e9e d\u2019automne. <strong>Si Louis<br \/>\nRees-Zammit a fait son retour en s\u00e9lection apr\u00e8s avoir tent\u00e9 sa<br \/>\nchance en NFL, les motifs d\u2019espoir ne semblent pas nombreux pour le<br \/>\npays de Galles<\/strong> qui se rendra en Angleterre et en Irlande<br \/>\net accueillera le XV de France et l\u2019\u00c9cosse lors du prochain Tournoi<br \/>\ndu 6 Nations. La r\u00e9ception de l\u2019Italie lors de la derni\u00e8re journ\u00e9e<br \/>\npermettra peut-\u00eatre au XV du Poireau d\u2019\u00e9viter de faire la passe de<br \/>\ntrois en ce qui concerne la peu convoit\u00e9e cuill\u00e8re de bois.<\/p>\n<p>N\u00b04 : Bagnaia n\u2019a pas exist\u00e9 face<br \/>\n\u00e0 Marquez<\/p>\n<p>Francesco Bagnaia n\u2019a pas su montrer son meilleur visage cette<br \/>\nann\u00e9e. Battu par Jorge Martin pour le titre en 2024, il a vu le<br \/>\nloup entrer dans la bergerie avec l\u2019arriv\u00e9e de Marc Marquez \u00e0 ses<br \/>\nc\u00f4t\u00e9s. S\u2019il a fait bonne figure en d\u00e9but de saison avec quatre<br \/>\npodiums sur les cinq premiers Grands Prix, dont une victoire \u00e0<br \/>\nAustin apr\u00e8s la chute de l\u2019Espagnol, \u00ab Pecco \u00bb est progressivement<br \/>\nrentr\u00e9 dans le rang avec une troisi\u00e8me place comme meilleur<br \/>\nr\u00e9sultat sur les onze Grands Prix suivants. Il est vite apparu<br \/>\n\u00e9vident que l\u2019Italien n\u2019\u00e9tait pas \u00e0 l\u2019aise au guidon de la Ducati<br \/>\nmod\u00e8le 2025. Il n\u2019a ainsi pas pu s\u2019accrocher aux fr\u00e8res Marquez et<br \/>\nl\u2019espoir d\u2019un troisi\u00e8me titre de champion du monde en quatre ans<br \/>\ns\u2019est tr\u00e8s vite envol\u00e9. Apr\u00e8s son deuxi\u00e8me abandon de la saison \u00e0<br \/>\nSaint-Marin, il a retrouv\u00e9 des couleurs \u00e0 Motegi avec une victoire<br \/>\nmais surtout une certaine harmonie avec son mat\u00e9riel qui laissait<br \/>\nentendre qu\u2019un retour en arri\u00e8re avait \u00e9t\u00e9 fait par Ducati le<br \/>\nconcernant. Mais, <strong>apr\u00e8s avoir vu son co\u00e9quipier c\u00e9l\u00e9brer<br \/>\nson titre mondial, Francesco Bagnaia a d\u00e9finitivement<br \/>\nsombr\u00e9.<\/strong> Mis \u00e0 part une victoire lors du sprint en Malaisie<br \/>\net une huiti\u00e8me place dans ce m\u00eame contexte au Portugal, le pilote<br \/>\nitalien n\u2019a plus vu le drapeau \u00e0 damier. Avec seulement quatorze<br \/>\npoints inscrits sur les cinq derniers Grands Prix, il n\u2019a pas<br \/>\nr\u00e9sist\u00e9 au retour de Marco Bezzecchi et Pedro Acosta pour \u00e9chouer \u00e0<br \/>\nla cinqui\u00e8me place du championnat, bien loin de ses ambitions.<\/p>\n<p>N\u00b05 : Evenepoel, un bilan bien<br \/>\nmaigre<\/p>\n<p>Tadej Pogacar ayant d\u00e9croch\u00e9 20 victoires en 2025, les autres<br \/>\ncoureurs ont fait p\u00e2le figure \u00e0 ses c\u00f4t\u00e9s. Et c\u2019est notamment le<br \/>\ncas de Remco Evenepoel. Pour l\u2019ann\u00e9e de ses 25 ans, le Belge n\u2019a<br \/>\npas fait d\u2019\u00e9normes \u00e9tincelles, et sa saison s\u2019est m\u00eame termin\u00e9e par<br \/>\nun d\u00e9part de son \u00e9quipe historique, Soudal-Quick-Step, pour<br \/>\nrejoindre une formation mieux \u00e9quip\u00e9e pour les Grands Tours, Red<br \/>\nBull \u2013 Bora Hansgrohe. Victime d\u2019un accident en d\u00e9cembre 2024,<br \/>\nEvenepoel n\u2019a pu commencer sa saison que le 18 avril, o\u00f9 il s\u2019est<br \/>\nd\u2019ailleurs impos\u00e9 sur la Fl\u00e8che braban\u00e7onne. Mais il a ensuite \u00e9t\u00e9<br \/>\nbattu au sprint par Skjelmose sur l\u2019Amstel Gold Race et n\u2019a rien pu<br \/>\nfaire sur la Fl\u00e8che wallonne et Li\u00e8ge-Bastogne-Li\u00e8ge contre<br \/>\nPogacar. Sa quatri\u00e8me place sur le Dauphin\u00e9, \u00e0 plus de 4 minutes de<br \/>\nPogacar et 3 de Vingegaard ne laissait pas augurer d\u2019excellentes<br \/>\nchoses pour le Tour de France. <strong>Et lors de la 14e \u00e9tape,<br \/>\nalors qu\u2019il \u00e9tait 3e du g\u00e9n\u00e9ral \u00e0 7\u201924 du Slov\u00e8ne et 4\u201907 du<br \/>\nDanois, il a abandonn\u00e9, r\u00e9v\u00e9lant ensuite souffrir d\u2019une c\u00f4te<br \/>\ncass\u00e9e.<\/strong> Le Belge a mieux fini la saison, devenant champion<br \/>\ndu monde et d\u2019Europe du contre-la-montre, sa grande sp\u00e9cialit\u00e9.<br \/>\nMais dans les deux courses en ligne, puis sur le Tour de Lombardie<br \/>\npour finir la saison, il a d\u00fb s\u2019avouer vaincu face \u00e0 Pogacar. Comme<br \/>\nles autres, le Belge n\u2019a pas trouv\u00e9 la cl\u00e9 pour battre le Slov\u00e8ne,<br \/>\nalors qu\u2019il a d\u2019\u00e9normes qualit\u00e9s. Y parviendra-t-il au sein de sa<br \/>\nnouvelle \u00e9quipe ?<\/p>\n<p><strong>Egalement cit\u00e9s :<\/strong> Roglic, All Blacks,<br \/>\nbasketteurs espagnols, Var Aert, Djokovic\u2026<\/p>\n","protected":false},"excerpt":{"rendered":"L&rsquo;ann\u00e9e 2025 a \u00e9t\u00e9 riche en \u00e9v\u00e9nements sportifs. Les stars du sport, fran\u00e7aises ou \u00e9trang\u00e8res, nous ont impressionn\u00e9s&hellip;\n","protected":false},"author":2,"featured_media":622324,"comment_status":"","ping_status":"","sticky":false,"template":"","format":"standard","meta":{"footnotes":""},"categories":[9],"tags":[1462,73175,2251,1011,27,33184,35661,12044,57681,60],"class_list":{"0":"post-622323","1":"post","2":"type-post","3":"status-publish","4":"format-standard","5":"has-post-thumbnail","7":"category-sports","8":"tag-bagnaia","9":"tag-evenepoel","10":"tag-ferrari","11":"tag-fr","12":"tag-france","13":"tag-hamilton","14":"tag-medvedev","15":"tag-pays-de-galles","16":"tag-sport365-fr","17":"tag-sports"},"share_on_mastodon":{"url":"https:\/\/pubeurope.com\/@fr\/115782750476122502","error":""},"_links":{"self":[{"href":"https:\/\/www.europesays.com\/fr\/wp-json\/wp\/v2\/posts\/622323","targetHints":{"allow":["GET"]}}],"collection":[{"href":"https:\/\/www.europesays.com\/fr\/wp-json\/wp\/v2\/posts"}],"about":[{"href":"https:\/\/www.europesays.com\/fr\/wp-json\/wp\/v2\/types\/post"}],"author":[{"embeddable":true,"href":"https:\/\/www.europesays.com\/fr\/wp-json\/wp\/v2\/users\/2"}],"replies":[{"embeddable":true,"href":"https:\/\/www.europesays.com\/fr\/wp-json\/wp\/v2\/comments?post=622323"}],"version-history":[{"count":0,"href":"https:\/\/www.europesays.com\/fr\/wp-json\/wp\/v2\/posts\/622323\/revisions"}],"wp:featuredmedia":[{"embeddable":true,"href":"https:\/\/www.europesays.com\/fr\/wp-json\/wp\/v2\/media\/622324"}],"wp:attachment":[{"href":"https:\/\/www.europesays.com\/fr\/wp-json\/wp\/v2\/media?parent=622323"}],"wp:term":[{"taxonomy":"category","embeddable":true,"href":"https:\/\/www.europesays.com\/fr\/wp-json\/wp\/v2\/categories?post=622323"},{"taxonomy":"post_tag","embeddable":true,"href":"https:\/\/www.europesays.com\/fr\/wp-json\/wp\/v2\/tags?post=622323"}],"curies":[{"name":"wp","href":"https:\/\/api.w.org\/{rel}","templated":true}]}}