{"id":622339,"date":"2025-12-25T23:32:16","date_gmt":"2025-12-25T23:32:16","guid":{"rendered":"https:\/\/www.europesays.com\/fr\/622339\/"},"modified":"2025-12-25T23:32:16","modified_gmt":"2025-12-25T23:32:16","slug":"video-mapping-de-la-saint-nicolas-place-stanislas","status":"publish","type":"post","link":"https:\/\/www.europesays.com\/fr\/622339\/","title":{"rendered":"Vid\u00e9o mapping de la Saint-Nicolas place Stanislas"},"content":{"rendered":"<p>Pour ceux qui ne l\u2019ont pas encore visionn\u00e9 ou tout simplement pour ceux qui souhaitent le revoir, le vid\u00e9o mapping \u00ab\u00a0La l\u00e9gende de Saint-Nicolas\u00a0\u00bb est accessible gratuitement jusqu\u2019au 4\u00a0janvier. D\u2019une dur\u00e9e d\u2019environ dix minutes, il est projet\u00e9 sur la fa\u00e7ade de l\u2019h\u00f4tel de ville de Nancy. Tous les personnages de la l\u00e9gende y sont repr\u00e9sent\u00e9s\u00a0: les trois enfants, le boucher, saint Nicolas\u2026<\/p>\n<p class=\"note\">Tous les soirs, deux projections sont retransmises \u00e0 18\u00a0h et 19\u00a0h, place Stanislas, \u00e0 Nancy. Gratuit.<\/p>\n","protected":false},"excerpt":{"rendered":"Pour ceux qui ne l\u2019ont pas encore visionn\u00e9 ou tout simplement pour ceux qui souhaitent le revoir, le&hellip;\n","protected":false},"author":2,"featured_media":622340,"comment_status":"","ping_status":"","sticky":false,"template":"","format":"standard","meta":{"footnotes":""},"categories":[9635],"tags":[1111,11,1687,1704,1777,674,1011,27,775,1702,1703,12,25,3140],"class_list":{"0":"post-622339","1":"post","2":"type-post","3":"status-publish","4":"format-standard","5":"has-post-thumbnail","7":"category-nancy","8":"tag-actu","9":"tag-actualites","10":"tag-culture-loisirs","11":"tag-edition-nancy-et-agglomeration","12":"tag-eu","13":"tag-europe","14":"tag-fr","15":"tag-france","16":"tag-grand-est","17":"tag-nancy","18":"tag-nancy-ville-54b","19":"tag-news","20":"tag-republique-francaise","21":"tag-spectacle"},"share_on_mastodon":{"url":"https:\/\/pubeurope.com\/@fr\/115782821032399331","error":""},"_links":{"self":[{"href":"https:\/\/www.europesays.com\/fr\/wp-json\/wp\/v2\/posts\/622339","targetHints":{"allow":["GET"]}}],"collection":[{"href":"https:\/\/www.europesays.com\/fr\/wp-json\/wp\/v2\/posts"}],"about":[{"href":"https:\/\/www.europesays.com\/fr\/wp-json\/wp\/v2\/types\/post"}],"author":[{"embeddable":true,"href":"https:\/\/www.europesays.com\/fr\/wp-json\/wp\/v2\/users\/2"}],"replies":[{"embeddable":true,"href":"https:\/\/www.europesays.com\/fr\/wp-json\/wp\/v2\/comments?post=622339"}],"version-history":[{"count":0,"href":"https:\/\/www.europesays.com\/fr\/wp-json\/wp\/v2\/posts\/622339\/revisions"}],"wp:featuredmedia":[{"embeddable":true,"href":"https:\/\/www.europesays.com\/fr\/wp-json\/wp\/v2\/media\/622340"}],"wp:attachment":[{"href":"https:\/\/www.europesays.com\/fr\/wp-json\/wp\/v2\/media?parent=622339"}],"wp:term":[{"taxonomy":"category","embeddable":true,"href":"https:\/\/www.europesays.com\/fr\/wp-json\/wp\/v2\/categories?post=622339"},{"taxonomy":"post_tag","embeddable":true,"href":"https:\/\/www.europesays.com\/fr\/wp-json\/wp\/v2\/tags?post=622339"}],"curies":[{"name":"wp","href":"https:\/\/api.w.org\/{rel}","templated":true}]}}