{"id":62234,"date":"2025-04-29T16:37:09","date_gmt":"2025-04-29T16:37:09","guid":{"rendered":"https:\/\/www.europesays.com\/fr\/62234\/"},"modified":"2025-04-29T16:37:09","modified_gmt":"2025-04-29T16:37:09","slug":"cent-jours-de-presidence-en-dix-photos","status":"publish","type":"post","link":"https:\/\/www.europesays.com\/fr\/62234\/","title":{"rendered":"cent jours de pr\u00e9sidence en dix photos"},"content":{"rendered":"<p>                             Par Victor M\u00e9rat<\/p>\n<p>\n            Publi\u00e9<br \/>\n                le 29 avril 2025 \u00e0 16h13\n        <\/p>\n<p class=\"fig-slideshow__title\">\n                    Retour de Donald Trump \u00e0 la Maison-Blanche\u00a0: cent jours de pr\u00e9sidence en dix photos\n                <\/p>\n<p>Acc\u00e9der au diaporama (10)<\/p>\n<p><strong>EN IMAGES &#8211;<\/strong> De son investiture le 20 janvier \u00e0 sa r\u00e9cente entrevue avec Volodymyr Zelensky dans la basilique Saint-Pierre, au Vatican le 26 avril, le pr\u00e9sident des \u00c9tats-Unis a appos\u00e9 sa marque comme aucun de ses pr\u00e9d\u00e9cesseurs.<\/p>\n<p class=\"fig-paragraph\">Les\u00a0<a href=\"http:\/\/www.lefigaro.fr\/international\/trump-de-retour-a-la-maison-blanche-les-cent-jours-qui-ont-ebranle-le-monde-20250428\" target=\"_blank\" data-fig-type=\"Article\" rel=\"noopener nofollow\" data-gtm-custom-categorie=\"navigation\" data-gtm-custom-action=\"crossclick\" data-gtm-custom-label=\"Contextuel\" data-gtm-event=\"customEventSPE\" data-fig-domain=\"LEFIGARO\">cent premiers jours du second mandat de Donald Trump<\/a>\u00a0se racontent aussi en images. De son investiture le 20 janvier 2025 dernier \u00e0 sa r\u00e9cente entrevue avec le pr\u00e9sident ukrainien Volodymyr Zelensky dans la basilique Saint-Pierre, au Vatican le 26 avril, en marge des fun\u00e9railles du pape Fran\u00e7ois, en passant par l\u2019imposition de\u00a0<a href=\"http:\/\/www.lefigaro.fr\/conjoncture\/droits-de-douane-les-buts-contradictoires-de-la-guerre-commerciale-de-trump-20250402\" target=\"_blank\" data-fig-type=\"Article\" rel=\"noopener nofollow\" data-gtm-custom-categorie=\"navigation\" data-gtm-custom-action=\"crossclick\" data-gtm-custom-label=\"Contextuel\" data-gtm-event=\"customEventSPE\" data-fig-domain=\"LEFIGARO\">droits de douane historiques sur les produits import\u00e9s<\/a>, le 2 avril, le pr\u00e9sident des \u00c9tats-Unis a appos\u00e9 sa marque comme aucun de ses pr\u00e9d\u00e9cesseurs.<\/p>\n<p class=\"fig-paragraph\">\u00c0 peine revenu au pouvoir, le r\u00e9publicain a sign\u00e9 une myriade d\u2019Executive Orders,\u00a0ces d\u00e9crets pr\u00e9sidentiels que le chef de l\u2019\u00c9tat prend \u00e0 sa discr\u00e9tion. En tout plus de 139 ont \u00e9t\u00e9 paraph\u00e9s depuis le d\u00e9but du mandat\u00a0: l\u2019\u00e9conomie, le gouvernement, l\u2019immigration, clandestine mais aussi l\u00e9gale, la justice, la diplomatie, l\u2019arm\u00e9e, les institutions, le Congr\u00e8s, la justice, la culture, l\u2019histoire et la g\u00e9ographie, l\u2019\u00e9nergie et l\u2019environnement, la sant\u00e9 et les m\u00e9dias, ont fait l\u2019objet de sa fi\u00e8vre.<\/p>\n<p class=\"fig-paragraph\">Le locataire de la Maison-Blanche s\u2019est enfin manifest\u00e9 sur la sc\u00e8ne internationale, ob\u00e9issant souvent \u00e0 ses seules pulsions dans le but d\u2019amener \u00e0 la table des n\u00e9gociations ses partenaires comme ses adversaires et ennemis.<\/p>\n<p class=\"fig-paragraph\">Le Figaro revient en dix photographies sur les moments politiques les plus marquants qui ont \u00e9branl\u00e9 l\u2019ordre mondial.<\/p>\n","protected":false},"excerpt":{"rendered":"Par Victor M\u00e9rat Publi\u00e9 le 29 avril 2025 \u00e0 16h13 Retour de Donald Trump \u00e0 la Maison-Blanche\u00a0: cent&hellip;\n","protected":false},"author":2,"featured_media":62235,"comment_status":"","ping_status":"","sticky":false,"template":"","format":"standard","meta":{"footnotes":""},"categories":[2],"tags":[259,11,260,75,73,1011,27,14,261,12,262],"class_list":{"0":"post-62234","1":"post","2":"type-post","3":"status-publish","4":"format-standard","5":"has-post-thumbnail","7":"category-actualites","8":"tag-actualite-internationale","9":"tag-actualites","10":"tag-affaires-etrangeres","11":"tag-donald-trump","12":"tag-etats-unis","13":"tag-fr","14":"tag-france","15":"tag-international","16":"tag-ministere-des-affaires-etrangeres","17":"tag-news","18":"tag-politique-etrangere"},"share_on_mastodon":{"url":"https:\/\/pubeurope.com\/@fr\/114422234736239763","error":""},"_links":{"self":[{"href":"https:\/\/www.europesays.com\/fr\/wp-json\/wp\/v2\/posts\/62234","targetHints":{"allow":["GET"]}}],"collection":[{"href":"https:\/\/www.europesays.com\/fr\/wp-json\/wp\/v2\/posts"}],"about":[{"href":"https:\/\/www.europesays.com\/fr\/wp-json\/wp\/v2\/types\/post"}],"author":[{"embeddable":true,"href":"https:\/\/www.europesays.com\/fr\/wp-json\/wp\/v2\/users\/2"}],"replies":[{"embeddable":true,"href":"https:\/\/www.europesays.com\/fr\/wp-json\/wp\/v2\/comments?post=62234"}],"version-history":[{"count":0,"href":"https:\/\/www.europesays.com\/fr\/wp-json\/wp\/v2\/posts\/62234\/revisions"}],"wp:featuredmedia":[{"embeddable":true,"href":"https:\/\/www.europesays.com\/fr\/wp-json\/wp\/v2\/media\/62235"}],"wp:attachment":[{"href":"https:\/\/www.europesays.com\/fr\/wp-json\/wp\/v2\/media?parent=62234"}],"wp:term":[{"taxonomy":"category","embeddable":true,"href":"https:\/\/www.europesays.com\/fr\/wp-json\/wp\/v2\/categories?post=62234"},{"taxonomy":"post_tag","embeddable":true,"href":"https:\/\/www.europesays.com\/fr\/wp-json\/wp\/v2\/tags?post=62234"}],"curies":[{"name":"wp","href":"https:\/\/api.w.org\/{rel}","templated":true}]}}