{"id":622353,"date":"2025-12-26T00:02:21","date_gmt":"2025-12-26T00:02:21","guid":{"rendered":"https:\/\/www.europesays.com\/fr\/622353\/"},"modified":"2025-12-26T00:02:21","modified_gmt":"2025-12-26T00:02:21","slug":"les-secrets-des-champagnes-effervescents-a-strasbourg-gastronomie-date-horaires-tarifs","status":"publish","type":"post","link":"https:\/\/www.europesays.com\/fr\/622353\/","title":{"rendered":"Les secrets des champagnes &#038; effervescents \u00e0 Strasbourg, Gastronomie : date, horaires, tarifs"},"content":{"rendered":"<p class=\"fw-bold font-size-16 my-1\"> Quai Kl\u00e9ber | <a href=\"https:\/\/www.jds.fr\/strasbourg\/\" target=\"_blank\" rel=\"noopener\">Strasbourg<\/a><\/p>\n<p class=\"fw-bold font-size-16 my-1\"> Offre Solo, Prix \/ personne : 55,10\u00a0\u20ac | Offre Duo, Prix \/ 2 personnes : 110,30\u00a0\u20ac <\/p>\n<ul class=\"list-unstyled d-flex flex-wrap mt-2\">\n<li class=\"me-2 mb-2\">sensoriel<\/li>\n<li class=\"me-2 mb-2\">\u00e9ducatif<\/li>\n<li class=\"me-2 mb-2\">adultes<\/li>\n<li class=\"me-2 mb-2\">int\u00e9rieur<\/li>\n<li class=\"me-2 mb-2\">2h-3h<\/li>\n<li class=\"me-2 mb-2\">gastronomie<\/li>\n<li class=\"me-2 mb-2\">oenologie<\/li>\n<li class=\"me-2 mb-2\">id\u00e9e cadeau<\/li>\n<\/ul>\n<p><a class=\"btn btn-lg shadow-lg btn-primary rounded-pill fnac_link\" data-fnac=\"haut\" href=\"https:\/\/lb.affilae.com\/r\/?p=5f7dd9b02760126e01e487b3&amp;af=628&amp;lp=https%3A%2F%2Fwww.funbooker.com%2Ffr%2Fannonce%2Fles-secrets-des-champagnes-effervescents-a-strasbourg%2Fvoir%3Futm_source%3Daffilae%26utm_medium%3Djds\" target=\"_blank\" rel=\"nofollow noopener\"> Acheter des billets<\/a><\/p>\n<p>Le champagne est une boisson raffin\u00e9e et festive, embl\u00e9matique des grands moments. Mais connaissez-vous tous ses secrets\u00a0? L\u2019atelier promet d\u2019apporter des r\u00e9ponses \u00e0 toutes vos interrogations. Vous en apprendrez plus sur ses caract\u00e9ristiques\u00a0: origine des bulles, couleur, niveaux de douceur\u2026<\/p>\n<p><a data-lightbox=\"article\" data-title=\"Les secrets des champagnes &amp; effervescents \u00e0 Strasbourg DR\" class=\"image detail fullwidth  position-relative d-block\" href=\"https:\/\/www.jds.fr\/medias\/image\/les-secrets-des-champagnes-et-effervescents-a-stra-804269-920-0-F.webp\" title=\"Les secrets des champagnes &amp; effervescents \u00e0 Strasbourg DR\" target=\"_blank\" rel=\"noopener\"><br \/>\n<img decoding=\"async\" loading=\"lazy\" src=\"https:\/\/www.europesays.com\/fr\/wp-content\/uploads\/2025\/12\/les-secrets-des-champagnes-et-effervescents-a-stra-804269-1200-0.webp.webp\"   width=\"685\" alt=\"Les secrets des champagnes &amp; effervescents \u00e0 Strasbourg\" class=\"border\"\/><br \/>\nDR<br \/>\nLes secrets des champagnes &amp; effervescents \u00e0 Strasbourg<br \/>\n<\/a><\/p>\n<p><strong>D\u00e9roulement du cours (2 h)\u00a0:<\/strong><\/p>\n<ul>\n<li>Partie th\u00e9orique pour vous familiariser avec les champagnes\u00a0: m\u00e9thode de vinification traditionnelle, informations sur la r\u00e9gion Champagne, son terroir et ses c\u00e9pages.<\/li>\n<li>D\u00e9gustation de 5 champagnes pour mettre en pratique la th\u00e9orie.<\/li>\n<li>Vous participerez ensuite au jeu des ar\u00f4mes et saveurs, au cours duquel vous mettrez en application la m\u00e9thode VOG\u00ae (visuel, olfactif, gustatif).<\/li>\n<li>Synth\u00e8se du cours. Vous repartez avec votre livret p\u00e9dagogique.<\/li>\n<\/ul>\n<p>Un cours ludique, encadr\u00e9 par un professionnel, qui permet d\u2019apprendre tout en se faisant plaisir. Cette activit\u00e9 est id\u00e9ale \u00e0 offrir en cadeau aux amateurs de\u00a0\u00ab bulles\u00a0\u00bb qui souhaitent se constituer une cave de qualit\u00e9.<\/p>\n<p>            Renseignements<\/p>\n<p><strong class=\"font-size-18\">O\u00f9\u00a0:<\/strong><br \/> Quai Kl\u00e9ber<a class=\"mt-1 d-block ps-4\" href=\"https:\/\/www.jds.fr\/strasbourg\/\" target=\"_blank\" rel=\"noopener\"> 67000 Strasbourg<\/a><\/p>\n<p>Tarifs et billetterie\u00a0: <\/p>\n<p>Offre Solo, Prix \/ personne : 55,10\u00a0\u20ac<br \/>Offre Duo, Prix \/ 2 personnes : 110,30\u00a0\u20ac<\/p>\n<p>Les actualit\u00e9s \u00e0 Strasbourg<\/p>\n<ul class=\"mt-3 list-unstyled list-articles-v2\" id=\"liste-dates-694dd087dcb60\">\n<li class=\"col-12 pt-4\" data-view-id-type=\"1\" data-view-id=\"1303452\" data-view-bc=\"0\"><a class=\"image\" href=\"https:\/\/www.jds.fr\/strasbourg\/magazine\/sorties-du-week-end\/strasbourg-notre-selection-de-sorties-du-week-end-du-26-au-28-decembre-1303452_A\" target=\"_blank\" rel=\"noopener\"><img decoding=\"async\" loading=\"lazy\" src=\"https:\/\/www.europesays.com\/fr\/wp-content\/uploads\/2025\/12\/nl-2023-808463-180-180.webp.webp\" width=\"180\" height=\"180\" alt=\"Strasbourg : notre s\u00e9lection de sorties du week-end du 26 au 28 d\u00e9cembre\" class=\"border\"\/><\/a><\/li>\n<li class=\"col-12 pt-4\" data-view-id-type=\"1\" data-view-id=\"1289835\" data-view-bc=\"0\"><a class=\"image\" href=\"https:\/\/www.jds.fr\/strasbourg\/magazine\/actu-magazine\/cahier-d-activites-en-alsacien-pour-enfants-le-feriespass-de-l-olca-1289835_A\" target=\"_blank\" rel=\"noopener\"><img decoding=\"async\" loading=\"lazy\" src=\"https:\/\/www.europesays.com\/fr\/wp-content\/uploads\/2025\/12\/cahier-d-activites-en-alsacien-pour-enfants-le-fer-796676-180-180.webp.webp\" width=\"180\" height=\"180\" alt=\"Cahier d'activit\u00e9s en alsacien pour enfants : le Feriesp\u00e0ss de l'OLCA\" class=\"border\"\/><\/a><\/li>\n<li class=\"col-12 pt-4\" data-view-id-type=\"1\" data-view-id=\"1283751\" data-view-bc=\"0\"><a class=\"image\" href=\"https:\/\/www.jds.fr\/strasbourg\/magazine\/actu-magazine\/noel-solidaire-a-strasbourg-l-armee-du-salut-relance-ses-marmites-de-noel-1283751_A\" target=\"_blank\" rel=\"noopener\"><img decoding=\"async\" loading=\"lazy\" src=\"https:\/\/www.europesays.com\/fr\/wp-content\/uploads\/2025\/12\/marmites-de-noel-de-l-armee-du-salut-a-strasbourg-793634-180-180.webp.webp\" width=\"180\" height=\"180\" alt=\"No\u00ebl solidaire \u00e0 Strasbourg : l\u2019Arm\u00e9e du Salut relance ses Marmites de No\u00ebl\" class=\"border\"\/><\/a><\/li>\n<\/ul>\n<p><a href=\"https:\/\/www.jds.fr\/strasbourg\/magazine\/\" class=\"btn btn-outline-primary py-2 px-4\" target=\"_blank\" rel=\"noopener\">Voir toutes les actualit\u00e9s \u00e0 Strasbourg<\/a><\/p>\n<p class=\"mt-0 mb-3 h2\">Newsletter JDS Strasbourg<\/p>\n<p class=\"font-size-18 fw-normal lh-sm\">Pr\u00eat pour un week-end de folie\u00a0? Chaque jeudi tous les bons plans sorties<\/p>\n","protected":false},"excerpt":{"rendered":"Quai Kl\u00e9ber | Strasbourg Offre Solo, Prix \/ personne : 55,10\u00a0\u20ac | Offre Duo, Prix \/ 2 personnes&hellip;\n","protected":false},"author":2,"featured_media":622354,"comment_status":"","ping_status":"","sticky":false,"template":"","format":"standard","meta":{"footnotes":""},"categories":[2820],"tags":[1111,11,1777,674,1011,27,775,12,25,640],"class_list":{"0":"post-622353","1":"post","2":"type-post","3":"status-publish","4":"format-standard","5":"has-post-thumbnail","7":"category-strasbourg","8":"tag-actu","9":"tag-actualites","10":"tag-eu","11":"tag-europe","12":"tag-fr","13":"tag-france","14":"tag-grand-est","15":"tag-news","16":"tag-republique-francaise","17":"tag-strasbourg"},"share_on_mastodon":{"url":"https:\/\/pubeurope.com\/@fr\/115782940839240137","error":""},"_links":{"self":[{"href":"https:\/\/www.europesays.com\/fr\/wp-json\/wp\/v2\/posts\/622353","targetHints":{"allow":["GET"]}}],"collection":[{"href":"https:\/\/www.europesays.com\/fr\/wp-json\/wp\/v2\/posts"}],"about":[{"href":"https:\/\/www.europesays.com\/fr\/wp-json\/wp\/v2\/types\/post"}],"author":[{"embeddable":true,"href":"https:\/\/www.europesays.com\/fr\/wp-json\/wp\/v2\/users\/2"}],"replies":[{"embeddable":true,"href":"https:\/\/www.europesays.com\/fr\/wp-json\/wp\/v2\/comments?post=622353"}],"version-history":[{"count":0,"href":"https:\/\/www.europesays.com\/fr\/wp-json\/wp\/v2\/posts\/622353\/revisions"}],"wp:featuredmedia":[{"embeddable":true,"href":"https:\/\/www.europesays.com\/fr\/wp-json\/wp\/v2\/media\/622354"}],"wp:attachment":[{"href":"https:\/\/www.europesays.com\/fr\/wp-json\/wp\/v2\/media?parent=622353"}],"wp:term":[{"taxonomy":"category","embeddable":true,"href":"https:\/\/www.europesays.com\/fr\/wp-json\/wp\/v2\/categories?post=622353"},{"taxonomy":"post_tag","embeddable":true,"href":"https:\/\/www.europesays.com\/fr\/wp-json\/wp\/v2\/tags?post=622353"}],"curies":[{"name":"wp","href":"https:\/\/api.w.org\/{rel}","templated":true}]}}