{"id":622357,"date":"2025-12-26T00:05:29","date_gmt":"2025-12-26T00:05:29","guid":{"rendered":"https:\/\/www.europesays.com\/fr\/622357\/"},"modified":"2025-12-26T00:05:29","modified_gmt":"2025-12-26T00:05:29","slug":"jeremie-boga-brade-a-la-fiorentina-par-logc-nice","status":"publish","type":"post","link":"https:\/\/www.europesays.com\/fr\/622357\/","title":{"rendered":"J\u00e9r\u00e9mie Boga brad\u00e9 \u00e0 la Fiorentina par l&rsquo;OGC Nice ?"},"content":{"rendered":"<p>\t\t\t\t\t Victime d&rsquo;une \u00ab\u00a0agression\u00a0\u00bb devant le centre d&rsquo;entra\u00eenement ni\u00e7ois le 30 novembre qui lui a value quelques jours d&rsquo;ITT, J\u00e9r\u00e9mie Boga ne souhaite plus porter les couleurs de l&rsquo;OGC Nice. La Fiorentina, alert\u00e9e par cette situation exceptionnelle, a imm\u00e9diatement activ\u00e9 ses r\u00e9seaux pour recruter l&rsquo;international ivoirien. <\/p>\n<p>Selon les informations de La Gazzetta dello Sport, la direction sportive de la Viola a identifi\u00e9 l&rsquo;ailier de 28 ans comme la solution prioritaire pour redynamiser une attaque en grande difficult\u00e9. Le directeur sportif Roberto Goretti souhaite recruter au moins trois recrues pour relancer une \u00e9quipe en difficult\u00e9 en Serie A, et le nom de Boga figure en t\u00eate de liste. Le journaliste Nicolo Schira confirme que l&rsquo;international ivoirien aurait d\u00e9j\u00e0 \u00e9t\u00e9 propos\u00e9 \u00e0 trois clubs italiens, dont la Fiorentina, par la direction du Gym qui souhaite rapidement trouver une porte de sortie au natif de Marseille. <\/p>\n<p>L&rsquo;exp\u00e9rience italienne de Boga constitue un atout majeur dans ce dossier. Entre 2018 et 2023, le joueur form\u00e9 \u00e0 Chelsea s&rsquo;\u00e9tait r\u00e9v\u00e9l\u00e9 au plus haut niveau sous les couleurs de Sassuolo (18 buts en 102 matchs) et de l&rsquo;Atalanta Bergame. Cette connaissance parfaite du championnat italien garantirait une adaptation imm\u00e9diate dans un club qui ne peut se permettre aucun temps d&rsquo;ajustement. Comme le souligne La Gazzetta dello Sport, cette exp\u00e9rience pr\u00e9alable en Serie A est visiblement une condition sien qua non dans le choix des futures recrues. <\/p>\n<p>Sur le plan financier, le dossier est cependant complexe mais pas insurmontable. Sous contrat jusqu&rsquo;en juin 2027 avec l&rsquo;OGC Nice, Boga est \u00e9valu\u00e9 \u00e0 10 millions d&rsquo;euros par les Aiglons. Cependant, les \u00e9v\u00e9nements r\u00e9cents et la volont\u00e9 manifeste du joueur de quitter la C\u00f4te d&rsquo;Azur pourraient faire baisser le prix. Il se murmure que J\u00e9r\u00e9mie Boga pourrait \u00eatre brad\u00e9 pour \u00e0 7\/8 millions d&rsquo;euros, avec des bonus en cas de maintien de la Fiorentina. Pour rappel, le club azur\u00e9en avait d\u00e9pens\u00e9 18 millions d&rsquo;euros en 2023 pour le recruter. <\/p>\n<p>En attendant, l&rsquo;OGC Nice esp\u00e8re que ce dossier va rapidement se d\u00e9canter avant d&rsquo;acc\u00e9l\u00e9rer sur les recrues offensives. Parmi les pistes \u00e0 l&rsquo;\u00e9tude, il y a notamment celle menant \u00e0 <a class=\"liens\" href=\"https:\/\/www.jeunesfooteux.com\/OGC-Nice-la-surprise-Mike-Tresor-Burnley_a78496.html\" target=\"_blank\" rel=\"noopener\">Mike Tresor<\/a> qui souhaite quitter Burnley.\n\t\t\t\t <\/p>\n","protected":false},"excerpt":{"rendered":"Victime d&rsquo;une \u00ab\u00a0agression\u00a0\u00bb devant le centre d&rsquo;entra\u00eenement ni\u00e7ois le 30 novembre qui lui a value quelques jours d&rsquo;ITT,&hellip;\n","protected":false},"author":2,"featured_media":622358,"comment_status":"","ping_status":"","sticky":false,"template":"","format":"standard","meta":{"footnotes":""},"categories":[2819],"tags":[1111,11,1777,674,1011,27,12,2401,882,25],"class_list":{"0":"post-622357","1":"post","2":"type-post","3":"status-publish","4":"format-standard","5":"has-post-thumbnail","7":"category-nice","8":"tag-actu","9":"tag-actualites","10":"tag-eu","11":"tag-europe","12":"tag-fr","13":"tag-france","14":"tag-news","15":"tag-nice","16":"tag-provence-alpes-cote-dazur","17":"tag-republique-francaise"},"share_on_mastodon":{"url":"https:\/\/pubeurope.com\/@fr\/115782950761648546","error":""},"_links":{"self":[{"href":"https:\/\/www.europesays.com\/fr\/wp-json\/wp\/v2\/posts\/622357","targetHints":{"allow":["GET"]}}],"collection":[{"href":"https:\/\/www.europesays.com\/fr\/wp-json\/wp\/v2\/posts"}],"about":[{"href":"https:\/\/www.europesays.com\/fr\/wp-json\/wp\/v2\/types\/post"}],"author":[{"embeddable":true,"href":"https:\/\/www.europesays.com\/fr\/wp-json\/wp\/v2\/users\/2"}],"replies":[{"embeddable":true,"href":"https:\/\/www.europesays.com\/fr\/wp-json\/wp\/v2\/comments?post=622357"}],"version-history":[{"count":0,"href":"https:\/\/www.europesays.com\/fr\/wp-json\/wp\/v2\/posts\/622357\/revisions"}],"wp:featuredmedia":[{"embeddable":true,"href":"https:\/\/www.europesays.com\/fr\/wp-json\/wp\/v2\/media\/622358"}],"wp:attachment":[{"href":"https:\/\/www.europesays.com\/fr\/wp-json\/wp\/v2\/media?parent=622357"}],"wp:term":[{"taxonomy":"category","embeddable":true,"href":"https:\/\/www.europesays.com\/fr\/wp-json\/wp\/v2\/categories?post=622357"},{"taxonomy":"post_tag","embeddable":true,"href":"https:\/\/www.europesays.com\/fr\/wp-json\/wp\/v2\/tags?post=622357"}],"curies":[{"name":"wp","href":"https:\/\/api.w.org\/{rel}","templated":true}]}}