{"id":622359,"date":"2025-12-26T00:08:19","date_gmt":"2025-12-26T00:08:19","guid":{"rendered":"https:\/\/www.europesays.com\/fr\/622359\/"},"modified":"2025-12-26T00:08:19","modified_gmt":"2025-12-26T00:08:19","slug":"les-transferts-deja-boucles-en-ligue-1-a-une-semaine-de-louverture-du-mercato","status":"publish","type":"post","link":"https:\/\/www.europesays.com\/fr\/622359\/","title":{"rendered":"Les transferts d\u00e9j\u00e0 boucl\u00e9s en Ligue 1 \u00e0 une semaine de l&rsquo;ouverture du mercato"},"content":{"rendered":"<p><img fetchpriority=\"high\" decoding=\"async\" width=\"620\" height=\"414\" src=\"https:\/\/www.europesays.com\/fr\/wp-content\/uploads\/2025\/12\/Endrick-620x414.png\" alt=\"Les transferts d\u00e9j\u00e0 boucl\u00e9s en Ligue 1 \u00e0 une semaine de l'ouverture du mercato\" class=\"wp-image-389591\"  \/>Endrick, le premier gros coup de l\u2019hiver en Ligue 1.<\/p>\n<p>Comme de tradition en p\u00e9riode hivernale, le mercato, en <a href=\"https:\/\/sportune.20minutes.fr\/ligue-1-l1\" target=\"_blank\" rel=\"noopener\">Ligue 1<\/a>, d\u00e9butera ce jeudi 1er janvier 2026, pour se terminer le lundi 2 f\u00e9vrier. Pendant tout un mois et un chou\u00efa plus, les clubs professionnels du football fran\u00e7ais pourront se renforcer \u00e0 sati\u00e9t\u00e9, sous condition quand m\u00eame de respecter le cadre pr\u00e9vu par la Direction nationale du contr\u00f4le de gestion, en particulier ceux qu\u2019elle a mis sous contrainte.<\/p>\n<p>Quelques jours nous s\u00e9parent donc encore de la date officielle, mais d\u00e9j\u00e0 plusieurs clubs ont valid\u00e9 de premiers mouvements. Le <a href=\"https:\/\/sportune.20minutes.fr\/fc-nantes\" target=\"_blank\" rel=\"noopener\">FC Nantes<\/a> a d\u00e9gain\u00e9 premier avec Deiver Machado (en provenance du <a href=\"https:\/\/sportune.20minutes.fr\/rc-lens\" target=\"_blank\" rel=\"noopener\">RC Lens<\/a>), que l\u2019on peut toutefois consid\u00e9rer comme un joker, plus qu\u2019une recrue du march\u00e9 des transferts, m\u00eame si son arriv\u00e9e fut tardive.<\/p>\n<p>C\u2019est \u00e0 presque une dizaine de jours du basculements vers la nouvelle ann\u00e9e civile que l\u2019<a href=\"https:\/\/sportune.20minutes.fr\/olympique-lyonnais-ol\" target=\"_blank\" rel=\"noopener\">Olympique Lyonnais<\/a> a sign\u00e9 ce qui sera peut-\u00eatre, et d\u00e9j\u00e0, le gros coup de cet hiver en recrutant le prometteur attaquant br\u00e9silien du <a href=\"https:\/\/sportune.20minutes.fr\/real-madrid\" target=\"_blank\" rel=\"noopener\">Real Madrid<\/a>, Endrick, dont la <a href=\"https:\/\/sportune.20minutes.fr\/ligue-1-l1\" target=\"_blank\" rel=\"noopener\">Ligue 1<\/a> ne profitera n\u00e9anmoins que six mois, le temps de son pr\u00eat payant, qui n\u2019inclut pas d\u2019option d\u2019achat.<\/p>\n<p>Les transferts d\u00e9j\u00e0 boucl\u00e9s en Ligue 1 \u00e0 une semaine de l\u2019ouverture du mercato<\/p>\n<p><strong>Les d\u00e9parts :<\/strong><br \/>Sa\u00ebl Kumbedi, de Lyon \u00e0 Wolfsbourg = 6 M\u20ac<br \/>Deiver Machado, de Lens \u00e0 Nantes = 0,5 M\u20ac<\/p>\n<p><strong>Les arriv\u00e9es :<\/strong><br \/>Endrick, du Real Madrid \u00e0 Lyon = 1 M\u20ac (pr\u00eat payant)<br \/>Amadou Haidara, de Leipzig \u00e0 Lens = 1 M\u20ac<br \/>Deiver Machado, de Lens \u00e0 Nantes = 0,5 M\u20ac (d\u00e9but d\u00e9cembre)<\/p>\n","protected":false},"excerpt":{"rendered":"Endrick, le premier gros coup de l\u2019hiver en Ligue 1. Comme de tradition en p\u00e9riode hivernale, le mercato,&hellip;\n","protected":false},"author":2,"featured_media":622360,"comment_status":"","ping_status":"","sticky":false,"template":"","format":"standard","meta":{"footnotes":""},"categories":[2818],"tags":[1111,11,1777,674,1011,27,2267,766,12,241,149,2636,93,25,969],"class_list":{"0":"post-622359","1":"post","2":"type-post","3":"status-publish","4":"format-standard","5":"has-post-thumbnail","7":"category-nantes","8":"tag-actu","9":"tag-actualites","10":"tag-eu","11":"tag-europe","12":"tag-fr","13":"tag-france","14":"tag-losc","15":"tag-nantes","16":"tag-news","17":"tag-ol","18":"tag-om","19":"tag-pays-de-la-loire","20":"tag-psg","21":"tag-republique-francaise","22":"tag-transfert"},"share_on_mastodon":{"url":"https:\/\/pubeurope.com\/@fr\/115782963417839579","error":""},"_links":{"self":[{"href":"https:\/\/www.europesays.com\/fr\/wp-json\/wp\/v2\/posts\/622359","targetHints":{"allow":["GET"]}}],"collection":[{"href":"https:\/\/www.europesays.com\/fr\/wp-json\/wp\/v2\/posts"}],"about":[{"href":"https:\/\/www.europesays.com\/fr\/wp-json\/wp\/v2\/types\/post"}],"author":[{"embeddable":true,"href":"https:\/\/www.europesays.com\/fr\/wp-json\/wp\/v2\/users\/2"}],"replies":[{"embeddable":true,"href":"https:\/\/www.europesays.com\/fr\/wp-json\/wp\/v2\/comments?post=622359"}],"version-history":[{"count":0,"href":"https:\/\/www.europesays.com\/fr\/wp-json\/wp\/v2\/posts\/622359\/revisions"}],"wp:featuredmedia":[{"embeddable":true,"href":"https:\/\/www.europesays.com\/fr\/wp-json\/wp\/v2\/media\/622360"}],"wp:attachment":[{"href":"https:\/\/www.europesays.com\/fr\/wp-json\/wp\/v2\/media?parent=622359"}],"wp:term":[{"taxonomy":"category","embeddable":true,"href":"https:\/\/www.europesays.com\/fr\/wp-json\/wp\/v2\/categories?post=622359"},{"taxonomy":"post_tag","embeddable":true,"href":"https:\/\/www.europesays.com\/fr\/wp-json\/wp\/v2\/tags?post=622359"}],"curies":[{"name":"wp","href":"https:\/\/api.w.org\/{rel}","templated":true}]}}