{"id":622363,"date":"2025-12-26T00:10:13","date_gmt":"2025-12-26T00:10:13","guid":{"rendered":"https:\/\/www.europesays.com\/fr\/622363\/"},"modified":"2025-12-26T00:10:13","modified_gmt":"2025-12-26T00:10:13","slug":"previsions-du-vendredi-26-decembre-2025","status":"publish","type":"post","link":"https:\/\/www.europesays.com\/fr\/622363\/","title":{"rendered":"pr\u00e9visions du vendredi 26 d\u00e9cembre 2025"},"content":{"rendered":"<p>Il fera 6\u00b0C en moyenne \u00e0 Bordeaux aujourd&rsquo;hui. Un vent de nord-est rafra\u00eechira l\u00e9g\u00e8rement l&rsquo;atmosph\u00e8re. Le matin, le vent va progressivement chasser la grisaille. Le ciel sera toujours couvert l&rsquo;apr\u00e8s-midi avec des nuages. D&rsquo;un autre c\u00f4t\u00e9, les temp\u00e9ratures vont conna\u00eetre une hausse de plusieurs degr\u00e9s. Les valeurs seront comprises entre 7 et 10\u00b0C. Toujours de la grisaille le soir. Les nuages vont s&rsquo;attarder. On anticipe des temp\u00e9ratures d&rsquo;environ 6\u00b0C. Le passage de vendredi \u00e0 samedi s&rsquo;effectuera sous un ciel d\u00e9pourvu de nuages.<\/p>\n<p>Demain, les Bordelais vont pouvoir profiter d&rsquo;un soleil magnifique. Une m\u00e9t\u00e9o plus chaude est attendue puisque le mercure va enregistrer une augmentation. Il va faire environ 8\u00b0C. Une modeste brise de nord-est sera ressentie par les habitants. Les Bordelais vont avoir froid le matin : les temp\u00e9ratures ne vont pas d\u00e9passer 10\u00b0C. Demain apr\u00e8s-midi, c&rsquo;est une hausse de quelques degr\u00e9s que vont conna\u00eetre les temp\u00e9ratures. Les valeurs afficheront entre 7 et 12\u00b0C. La ville aura quelques \u00e9claircies demain soir. Les temp\u00e9ratures tourneront autour des 6\u00b0C.<\/p>\n<p>Le temps restera inchang\u00e9 les jours \u00e0 venir. Il fera 1\u00b0C en moyenne pour des journ\u00e9es avec une m\u00e9t\u00e9o ensoleill\u00e9e.<\/p>\n<p><\/p>\n","protected":false},"excerpt":{"rendered":"Il fera 6\u00b0C en moyenne \u00e0 Bordeaux aujourd&rsquo;hui. Un vent de nord-est rafra\u00eechira l\u00e9g\u00e8rement l&rsquo;atmosph\u00e8re. Le matin, le&hellip;\n","protected":false},"author":2,"featured_media":622364,"comment_status":"","ping_status":"","sticky":false,"template":"","format":"standard","meta":{"footnotes":""},"categories":[2817],"tags":[1111,11,1997,1777,674,1011,27,12,2219,2119,25],"class_list":{"0":"post-622363","1":"post","2":"type-post","3":"status-publish","4":"format-standard","5":"has-post-thumbnail","7":"category-bordeaux","8":"tag-actu","9":"tag-actualites","10":"tag-bordeaux","11":"tag-eu","12":"tag-europe","13":"tag-fr","14":"tag-france","15":"tag-news","16":"tag-nouvelle-aquitaine","17":"tag-previsions-meteo","18":"tag-republique-francaise"},"share_on_mastodon":{"url":"https:\/\/pubeurope.com\/@fr\/115782970494014768","error":""},"_links":{"self":[{"href":"https:\/\/www.europesays.com\/fr\/wp-json\/wp\/v2\/posts\/622363","targetHints":{"allow":["GET"]}}],"collection":[{"href":"https:\/\/www.europesays.com\/fr\/wp-json\/wp\/v2\/posts"}],"about":[{"href":"https:\/\/www.europesays.com\/fr\/wp-json\/wp\/v2\/types\/post"}],"author":[{"embeddable":true,"href":"https:\/\/www.europesays.com\/fr\/wp-json\/wp\/v2\/users\/2"}],"replies":[{"embeddable":true,"href":"https:\/\/www.europesays.com\/fr\/wp-json\/wp\/v2\/comments?post=622363"}],"version-history":[{"count":0,"href":"https:\/\/www.europesays.com\/fr\/wp-json\/wp\/v2\/posts\/622363\/revisions"}],"wp:featuredmedia":[{"embeddable":true,"href":"https:\/\/www.europesays.com\/fr\/wp-json\/wp\/v2\/media\/622364"}],"wp:attachment":[{"href":"https:\/\/www.europesays.com\/fr\/wp-json\/wp\/v2\/media?parent=622363"}],"wp:term":[{"taxonomy":"category","embeddable":true,"href":"https:\/\/www.europesays.com\/fr\/wp-json\/wp\/v2\/categories?post=622363"},{"taxonomy":"post_tag","embeddable":true,"href":"https:\/\/www.europesays.com\/fr\/wp-json\/wp\/v2\/tags?post=622363"}],"curies":[{"name":"wp","href":"https:\/\/api.w.org\/{rel}","templated":true}]}}