{"id":622365,"date":"2025-12-26T00:11:14","date_gmt":"2025-12-26T00:11:14","guid":{"rendered":"https:\/\/www.europesays.com\/fr\/622365\/"},"modified":"2025-12-26T00:11:14","modified_gmt":"2025-12-26T00:11:14","slug":"elle-tente-de-letrangler-avec-un-filet-a-cheveux-quand-le-conflit-entre-deux-femmes-vire-a-la-tentative-de-meurtre","status":"publish","type":"post","link":"https:\/\/www.europesays.com\/fr\/622365\/","title":{"rendered":"Elle tente de l\u2019\u00e9trangler avec un filet \u00e0 cheveux\u2026 Quand le conflit entre deux femmes vire \u00e0 la tentative de meurtre"},"content":{"rendered":"<p>\n                                                                    l&rsquo;essentiel<br \/>\n                                                                Deux femmes se sont \u00e9charp\u00e9es dans une chambre d\u2019h\u00f4tel, cette semaine \u00e0 Toulouse. L\u2019enqu\u00eate a \u00e9t\u00e9 ouverte pour \u00ab\u00a0tentative de meurtre\u00a0\u00bb, mais les deux dames s\u2019expliqueront, finalement, devant le tribunal correctionnel.\n                            <\/p>\n<p>\u00ab\u00a0Pourquoi\u00a0? Cela reste en suspens\u2026\u00a0\u00bb Ce responsable de la police pr\u00e9f\u00e8re sourire mais on n\u2019est pas pass\u00e9 loin d\u2019un drame dimanche en d\u00e9but d\u2019apr\u00e8s-midi, dans un h\u00f4tel du quartier Purpan, \u00e0 Toulouse. Une femme a p\u00e9n\u00e9tr\u00e9 dans la chambre d\u2019une dame et s\u2019est ru\u00e9e sur elle apr\u00e8s quelques insultes. Une explication tr\u00e8s physique entre ces jeunes femmes originaires de l\u2019Afrique subsaharienne.<\/p>\n<p>Deux nationalit\u00e9s diff\u00e9rentes et une explication qui a vite vir\u00e9 au pugilat. \u00ab\u00a0M\u00eame les t\u00e9moins alert\u00e9s par les fracas n\u2019ont pas r\u00e9ussi \u00e0 les calmer\u00a0\u00bb, confie un policier, ennuy\u00e9. Finalement, \u00e0 l\u2019aide d\u2019un filet \u00e0 cheveux (!), l\u2019agresseuse a \u00e9trangl\u00e9 son adversaire. \u00ab\u00a0Cette derni\u00e8re a quand m\u00eame perdu connaissance quelques minutes\u00a0\u00bb, pr\u00e9viennent les enqu\u00eateurs.<\/p>\n<p>Crise de jalousie\u00a0?<\/p>\n<p>Finalement, ma\u00eetris\u00e9es par des membres de la compagnie d\u00e9partementale d\u2019intervention, les deux dames se sont retrouv\u00e9es dans les bureaux de la brigade des atteintes aux personnes, au commissariat central de Toulouse. L\u2019agresseuse, \u00e2g\u00e9e de 21 ans, n\u00e9e au Congo, n\u2019a pas \u00e9t\u00e9 tr\u00e8s pr\u00e9cise sur les reproches adress\u00e9s \u00e0 la victime, 25 ans, originaire de C\u00f4te-d\u2019Ivoire.<\/p>\n<p class=\"std-elt__inline\">\n        <strong>\u00c0 lire aussi :<\/strong><br \/>\n        <a href=\"https:\/\/www.ladepeche.fr\/2025\/12\/02\/lembrouille-de-couple-degenere-une-femme-tente-darracher-les-testicules-de-son-compagnon-il-finit-a-lhopital-13086405.php\" target=\"_blank\" rel=\"noopener\">L\u2019embrouille de couple d\u00e9g\u00e9n\u00e8re\u00a0: une femme tente d\u2019arracher les parties intimes de son compagnon, il finit \u00e0 l\u2019h\u00f4pital<\/a>\n    <\/p>\n<p>Jalousie\u00a0? \u00ab\u00a0Pas impossible\u00a0\u00bb, admettent les policiers. En tout cas, si le parquet a abandonn\u00e9 la tentative de meurtre, les deux femmes sont convoqu\u00e9es pour s\u2019expliquer en justice devant le tribunal correctionnel dans plusieurs mois. Dans l\u2019attente de ce rendez-vous judiciaire, elles ne doivent pas se fr\u00e9quenter. \u00ab\u00a0Pr\u00e9f\u00e9rable\u00a0\u00bb, admet une source proche du dossier.<\/p>\n","protected":false},"excerpt":{"rendered":"l&rsquo;essentiel Deux femmes se sont \u00e9charp\u00e9es dans une chambre d\u2019h\u00f4tel, cette semaine \u00e0 Toulouse. L\u2019enqu\u00eate a \u00e9t\u00e9 ouverte&hellip;\n","protected":false},"author":2,"featured_media":622366,"comment_status":"","ping_status":"","sticky":false,"template":"","format":"standard","meta":{"footnotes":""},"categories":[2816],"tags":[1111,11,1777,674,118,1011,27,2722,12,2680,25,2312],"class_list":{"0":"post-622365","1":"post","2":"type-post","3":"status-publish","4":"format-standard","5":"has-post-thumbnail","7":"category-toulouse","8":"tag-actu","9":"tag-actualites","10":"tag-eu","11":"tag-europe","12":"tag-faits-divers","13":"tag-fr","14":"tag-france","15":"tag-haute-garonne","16":"tag-news","17":"tag-occitanie","18":"tag-republique-francaise","19":"tag-toulouse"},"share_on_mastodon":{"url":"https:\/\/pubeurope.com\/@fr\/115782974411450695","error":""},"_links":{"self":[{"href":"https:\/\/www.europesays.com\/fr\/wp-json\/wp\/v2\/posts\/622365","targetHints":{"allow":["GET"]}}],"collection":[{"href":"https:\/\/www.europesays.com\/fr\/wp-json\/wp\/v2\/posts"}],"about":[{"href":"https:\/\/www.europesays.com\/fr\/wp-json\/wp\/v2\/types\/post"}],"author":[{"embeddable":true,"href":"https:\/\/www.europesays.com\/fr\/wp-json\/wp\/v2\/users\/2"}],"replies":[{"embeddable":true,"href":"https:\/\/www.europesays.com\/fr\/wp-json\/wp\/v2\/comments?post=622365"}],"version-history":[{"count":0,"href":"https:\/\/www.europesays.com\/fr\/wp-json\/wp\/v2\/posts\/622365\/revisions"}],"wp:featuredmedia":[{"embeddable":true,"href":"https:\/\/www.europesays.com\/fr\/wp-json\/wp\/v2\/media\/622366"}],"wp:attachment":[{"href":"https:\/\/www.europesays.com\/fr\/wp-json\/wp\/v2\/media?parent=622365"}],"wp:term":[{"taxonomy":"category","embeddable":true,"href":"https:\/\/www.europesays.com\/fr\/wp-json\/wp\/v2\/categories?post=622365"},{"taxonomy":"post_tag","embeddable":true,"href":"https:\/\/www.europesays.com\/fr\/wp-json\/wp\/v2\/tags?post=622365"}],"curies":[{"name":"wp","href":"https:\/\/api.w.org\/{rel}","templated":true}]}}