{"id":62237,"date":"2025-04-29T16:39:09","date_gmt":"2025-04-29T16:39:09","guid":{"rendered":"https:\/\/www.europesays.com\/fr\/62237\/"},"modified":"2025-04-29T16:39:09","modified_gmt":"2025-04-29T16:39:09","slug":"a-saint-etienne-du-gres-ladjoint-au-maire-yves-durand-nous-a-quittes","status":"publish","type":"post","link":"https:\/\/www.europesays.com\/fr\/62237\/","title":{"rendered":"\u00c0 Saint-Etienne-du-Gr\u00e8s, l&rsquo;adjoint au maire Yves Durand nous a quitt\u00e9s"},"content":{"rendered":"<p>Yves Durand est d\u00e9c\u00e9d\u00e9 ce mardi 29\u00a0avril des suites d\u2019une longue maladie, affront\u00e9e avec beaucoup de courage. Il avait 77\u00a0ans, et son d\u00e9part laisse une profonde tristesse \u00e0 <a href=\"https:\/\/www.laprovence.com\/article\/region\/469778683582814\/a-saint-etienne-du-gres-une-douzaine-de-nouvelles-familles-installees-dans-la-commune-salue-sa-qualite-de-vie\" target=\"_blank\" rel=\"nofollow noopener\">Saint-\u00c9tienne-du-Gr\u00e8s<\/a>, son village natal, o\u00f9 il s\u2019\u00e9tait engag\u00e9 sans rel\u00e2che au service de la communaut\u00e9.<\/p>\n<p>\u00ab\u00a0Il savait que la mort faisait partie de la vie, et il l\u2019avait accept\u00e9e avec s\u00e9r\u00e9nit\u00e9, m\u00eame s\u2019il trouvait que \u00e7a se terminait un peu trop t\u00f4t\u00a0\u00bb, confie <a href=\"https:\/\/www.laprovence.com\/article\/region\/2034600495948715\/saint-etienne-du-gres-le-maire-jean-mangion-celebre-ses-40-ans-de-mandature-et-devient-un-des-plus-anciens-elus-du-pays-darles\" target=\"_blank\" rel=\"nofollow noopener\">Jean Mangion<\/a>, maire du village. \u00ab\u00a0C\u2019\u00e9tait un homme de lien, un humaniste, tourn\u00e9 vers les autres, un bon vivant toujours partant pour un moment convivial\u00a0\u00bb, poursuit le premier magistrat.<\/p>\n<p>Apr\u00e8s une carri\u00e8re internationale comme chef de chantier, Yves Durand \u00e9tait revenu s\u2019installer dans sa commune, o\u00f9 il fut \u00e9lu en\u00a02014. D\u00e9l\u00e9gu\u00e9 \u00e0 l\u2019agriculture, au march\u00e9 aux fruits et l\u00e9gumes, \u00e0 la for\u00eat et \u00e0 la chasse, il s\u2019\u00e9tait particuli\u00e8rement investi dans la protection de l\u2019environnement et le d\u00e9veloppement du march\u00e9 de production en circuit court, devenu le plus important de la r\u00e9gion Paca.<\/p>\n<p>Saint-\u00c9tienne-du-Gr\u00e8s perd un homme engag\u00e9, proche de la terre et des gens. <a href=\"https:\/\/www.laprovence.com\/\" target=\"_blank\" rel=\"nofollow noopener\">La Provence<\/a> adresse ses plus sinc\u00e8res condol\u00e9ances \u00e0 sa famille et \u00e0 ses proches.<\/p>\n","protected":false},"excerpt":{"rendered":"Yves Durand est d\u00e9c\u00e9d\u00e9 ce mardi 29\u00a0avril des suites d\u2019une longue maladie, affront\u00e9e avec beaucoup de courage. Il&hellip;\n","protected":false},"author":2,"featured_media":62238,"comment_status":"","ping_status":"","sticky":false,"template":"","format":"standard","meta":{"footnotes":""},"categories":[9653],"tags":[17,1111,11,2430,15990,1777,674,1011,27,15988,5107,12,3946,15991,25,4001,15987,104,15989],"class_list":{"0":"post-62237","1":"post","2":"type-post","3":"status-publish","4":"format-standard","5":"has-post-thumbnail","7":"category-saint-etienne","8":"tag-17","9":"tag-actu","10":"tag-actualites","11":"tag-auvergne-rhone-alpes","12":"tag-durand","13":"tag-eu","14":"tag-europe","15":"tag-fr","16":"tag-france","17":"tag-ladjoint","18":"tag-maire","19":"tag-news","20":"tag-nous","21":"tag-quittes","22":"tag-republique-francaise","23":"tag-saint-etienne","24":"tag-saint-etienne-du-gres","25":"tag-societe","26":"tag-yves"},"share_on_mastodon":{"url":"https:\/\/pubeurope.com\/@fr\/114422242594061981","error":""},"_links":{"self":[{"href":"https:\/\/www.europesays.com\/fr\/wp-json\/wp\/v2\/posts\/62237","targetHints":{"allow":["GET"]}}],"collection":[{"href":"https:\/\/www.europesays.com\/fr\/wp-json\/wp\/v2\/posts"}],"about":[{"href":"https:\/\/www.europesays.com\/fr\/wp-json\/wp\/v2\/types\/post"}],"author":[{"embeddable":true,"href":"https:\/\/www.europesays.com\/fr\/wp-json\/wp\/v2\/users\/2"}],"replies":[{"embeddable":true,"href":"https:\/\/www.europesays.com\/fr\/wp-json\/wp\/v2\/comments?post=62237"}],"version-history":[{"count":0,"href":"https:\/\/www.europesays.com\/fr\/wp-json\/wp\/v2\/posts\/62237\/revisions"}],"wp:featuredmedia":[{"embeddable":true,"href":"https:\/\/www.europesays.com\/fr\/wp-json\/wp\/v2\/media\/62238"}],"wp:attachment":[{"href":"https:\/\/www.europesays.com\/fr\/wp-json\/wp\/v2\/media?parent=62237"}],"wp:term":[{"taxonomy":"category","embeddable":true,"href":"https:\/\/www.europesays.com\/fr\/wp-json\/wp\/v2\/categories?post=62237"},{"taxonomy":"post_tag","embeddable":true,"href":"https:\/\/www.europesays.com\/fr\/wp-json\/wp\/v2\/tags?post=62237"}],"curies":[{"name":"wp","href":"https:\/\/api.w.org\/{rel}","templated":true}]}}