{"id":622371,"date":"2025-12-26T00:14:14","date_gmt":"2025-12-26T00:14:14","guid":{"rendered":"https:\/\/www.europesays.com\/fr\/622371\/"},"modified":"2025-12-26T00:14:14","modified_gmt":"2025-12-26T00:14:14","slug":"previsions-du-vendredi-26-decembre-2025-3","status":"publish","type":"post","link":"https:\/\/www.europesays.com\/fr\/622371\/","title":{"rendered":"pr\u00e9visions du vendredi 26 d\u00e9cembre 2025"},"content":{"rendered":"<p>Lille va vivre une splendide journ\u00e9e tr\u00e8s ensoleill\u00e9e. Les temp\u00e9ratures avoisineront les 1\u00b0C. Une l\u00e9g\u00e8re brise de nord-est soufflera. Les Lillois vont avoir froid le matin : les temp\u00e9ratures ne vont pas d\u00e9passer 2\u00b0C. Il va faire environ -1\u00b0C. Les Lillois vont avoir froid l&rsquo;apr\u00e8s-midi : les temp\u00e9ratures ne vont pas d\u00e9passer 3\u00b0C. Les valeurs seront comprises entre 1 et 3\u00b0C, un temps bel et bien de saison. Le soir, le vent va peu \u00e0 peu chasser les nuages. Il fera 0\u00b0C en moyenne. Entre vendredi et samedi, la nuit sera claire.<\/p>\n<p>C&rsquo;est un soleil radieux qui va se montrer demain sur Lille. C&rsquo;est une hausse de quelques degr\u00e9s que vont conna\u00eetre les temp\u00e9ratures. On anticipe des valeurs avoisinant 3\u00b0C. Un vent de nord-est rafra\u00eechira l\u00e9g\u00e8rement l&rsquo;atmosph\u00e8re. Les Lillois vont avoir froid le matin : les temp\u00e9ratures ne vont pas d\u00e9passer 4\u00b0C. Les valeurs seront de 1\u00b0C. Les Lillois vont avoir froid demain apr\u00e8s-midi : les temp\u00e9ratures ne vont pas d\u00e9passer 5\u00b0C. Il va faire froid avec des valeurs qui afficheront entre 3 et 5\u00b0C. Des \u00e9claircies sont pr\u00e9vues : on passera une soir\u00e9e cl\u00e9mente. Les temp\u00e9ratures s&rsquo;\u00e9chelonneront entre 3\u00b0C et 5\u00b0C, rappelant l&rsquo;hiver au bon souvenir des habitants.<\/p>\n<p>Les jours passent et ne changent pas. Comptez sur 1\u00b0C en moyenne qui accompagneront des journ\u00e9es ensoleill\u00e9es.<\/p>\n<p><\/p>\n","protected":false},"excerpt":{"rendered":"Lille va vivre une splendide journ\u00e9e tr\u00e8s ensoleill\u00e9e. Les temp\u00e9ratures avoisineront les 1\u00b0C. Une l\u00e9g\u00e8re brise de nord-est&hellip;\n","protected":false},"author":2,"featured_media":622372,"comment_status":"","ping_status":"","sticky":false,"template":"","format":"standard","meta":{"footnotes":""},"categories":[2815],"tags":[1111,11,1777,674,1011,27,811,1307,12,2119,25],"class_list":{"0":"post-622371","1":"post","2":"type-post","3":"status-publish","4":"format-standard","5":"has-post-thumbnail","7":"category-lille","8":"tag-actu","9":"tag-actualites","10":"tag-eu","11":"tag-europe","12":"tag-fr","13":"tag-france","14":"tag-hauts-de-france","15":"tag-lille","16":"tag-news","17":"tag-previsions-meteo","18":"tag-republique-francaise"},"share_on_mastodon":{"url":"https:\/\/pubeurope.com\/@fr\/115782986236775969","error":""},"_links":{"self":[{"href":"https:\/\/www.europesays.com\/fr\/wp-json\/wp\/v2\/posts\/622371","targetHints":{"allow":["GET"]}}],"collection":[{"href":"https:\/\/www.europesays.com\/fr\/wp-json\/wp\/v2\/posts"}],"about":[{"href":"https:\/\/www.europesays.com\/fr\/wp-json\/wp\/v2\/types\/post"}],"author":[{"embeddable":true,"href":"https:\/\/www.europesays.com\/fr\/wp-json\/wp\/v2\/users\/2"}],"replies":[{"embeddable":true,"href":"https:\/\/www.europesays.com\/fr\/wp-json\/wp\/v2\/comments?post=622371"}],"version-history":[{"count":0,"href":"https:\/\/www.europesays.com\/fr\/wp-json\/wp\/v2\/posts\/622371\/revisions"}],"wp:featuredmedia":[{"embeddable":true,"href":"https:\/\/www.europesays.com\/fr\/wp-json\/wp\/v2\/media\/622372"}],"wp:attachment":[{"href":"https:\/\/www.europesays.com\/fr\/wp-json\/wp\/v2\/media?parent=622371"}],"wp:term":[{"taxonomy":"category","embeddable":true,"href":"https:\/\/www.europesays.com\/fr\/wp-json\/wp\/v2\/categories?post=622371"},{"taxonomy":"post_tag","embeddable":true,"href":"https:\/\/www.europesays.com\/fr\/wp-json\/wp\/v2\/tags?post=622371"}],"curies":[{"name":"wp","href":"https:\/\/api.w.org\/{rel}","templated":true}]}}