{"id":622378,"date":"2025-12-26T00:19:12","date_gmt":"2025-12-26T00:19:12","guid":{"rendered":"https:\/\/www.europesays.com\/fr\/622378\/"},"modified":"2025-12-26T00:19:12","modified_gmt":"2025-12-26T00:19:12","slug":"previsions-du-vendredi-26-decembre-2025-4","status":"publish","type":"post","link":"https:\/\/www.europesays.com\/fr\/622378\/","title":{"rendered":"pr\u00e9visions du vendredi 26 d\u00e9cembre 2025"},"content":{"rendered":"<p>Un splendide soleil va briller sur Lyon et ce, tout au long de la journ\u00e9e. Le mercure affichera 2\u00b0C en moyenne. Les Lyonnais vont avoir froid le matin : les temp\u00e9ratures ne vont pas d\u00e9passer 3\u00b0C. Un vent de nord-est rafra\u00eechira un peu l&rsquo;atmosph\u00e8re. Les Lyonnais vont avoir froid l&rsquo;apr\u00e8s-midi : les temp\u00e9ratures ne vont pas d\u00e9passer 5\u00b0C. L&rsquo;hiver sera bien l\u00e0 puisque les valeurs seront quand m\u00eame de 1\u00b0C au plus bas et de 5\u00b0C au plus haut. Des \u00e9claircies feront leur apparition dans la soir\u00e9e. On pr\u00e9voit des temp\u00e9ratures d&rsquo;environ 0\u00b0C. Le passage de vendredi \u00e0 samedi se fera sous un ciel d\u00e9pourvu de nuages.<\/p>\n<p>Un bel ensoleillement est pr\u00e9vu demain \u00e0 Lyon. Il va faire 2\u00b0C en moyenne. Les Lyonnais vont avoir froid le matin : les temp\u00e9ratures ne vont pas d\u00e9passer 3\u00b0C. Un vent de nord-ouest soufflera l\u00e9g\u00e8rement, avec 5 km\/h. Demain apr\u00e8s-midi, c&rsquo;est une hausse de quelques degr\u00e9s que vont conna\u00eetre les temp\u00e9ratures. Les valeurs s&rsquo;\u00e9chelonneront entre 1\u00b0C et 5\u00b0C, rappelant l&rsquo;hiver au bon souvenir des habitants. On annonce une embellie pour cette soir\u00e9e. Les temp\u00e9ratures tourneront autour des 0\u00b0C. Un petit vent de nord-ouest sera ressenti par les habitants.<\/p>\n<p>Le temps restera inchang\u00e9 les prochains jours. Une m\u00e9t\u00e9o ensoleill\u00e9e, avec des temp\u00e9ratures de -2\u00b0C environ, est attendue.<\/p>\n<p><\/p>\n","protected":false},"excerpt":{"rendered":"Un splendide soleil va briller sur Lyon et ce, tout au long de la journ\u00e9e. Le mercure affichera&hellip;\n","protected":false},"author":2,"featured_media":622379,"comment_status":"","ping_status":"","sticky":false,"template":"","format":"standard","meta":{"footnotes":""},"categories":[1889],"tags":[1111,11,2430,1777,674,1011,27,2428,12,2119,25],"class_list":{"0":"post-622378","1":"post","2":"type-post","3":"status-publish","4":"format-standard","5":"has-post-thumbnail","7":"category-lyon","8":"tag-actu","9":"tag-actualites","10":"tag-auvergne-rhone-alpes","11":"tag-eu","12":"tag-europe","13":"tag-fr","14":"tag-france","15":"tag-lyon","16":"tag-news","17":"tag-previsions-meteo","18":"tag-republique-francaise"},"share_on_mastodon":{"url":"","error":""},"_links":{"self":[{"href":"https:\/\/www.europesays.com\/fr\/wp-json\/wp\/v2\/posts\/622378","targetHints":{"allow":["GET"]}}],"collection":[{"href":"https:\/\/www.europesays.com\/fr\/wp-json\/wp\/v2\/posts"}],"about":[{"href":"https:\/\/www.europesays.com\/fr\/wp-json\/wp\/v2\/types\/post"}],"author":[{"embeddable":true,"href":"https:\/\/www.europesays.com\/fr\/wp-json\/wp\/v2\/users\/2"}],"replies":[{"embeddable":true,"href":"https:\/\/www.europesays.com\/fr\/wp-json\/wp\/v2\/comments?post=622378"}],"version-history":[{"count":0,"href":"https:\/\/www.europesays.com\/fr\/wp-json\/wp\/v2\/posts\/622378\/revisions"}],"wp:featuredmedia":[{"embeddable":true,"href":"https:\/\/www.europesays.com\/fr\/wp-json\/wp\/v2\/media\/622379"}],"wp:attachment":[{"href":"https:\/\/www.europesays.com\/fr\/wp-json\/wp\/v2\/media?parent=622378"}],"wp:term":[{"taxonomy":"category","embeddable":true,"href":"https:\/\/www.europesays.com\/fr\/wp-json\/wp\/v2\/categories?post=622378"},{"taxonomy":"post_tag","embeddable":true,"href":"https:\/\/www.europesays.com\/fr\/wp-json\/wp\/v2\/tags?post=622378"}],"curies":[{"name":"wp","href":"https:\/\/api.w.org\/{rel}","templated":true}]}}