{"id":622382,"date":"2025-12-26T00:23:14","date_gmt":"2025-12-26T00:23:14","guid":{"rendered":"https:\/\/www.europesays.com\/fr\/622382\/"},"modified":"2025-12-26T00:23:14","modified_gmt":"2025-12-26T00:23:14","slug":"un-changement-silencieux-bouleverse-la-relation-entre-grands-parents-et-familles-en-france","status":"publish","type":"post","link":"https:\/\/www.europesays.com\/fr\/622382\/","title":{"rendered":"Un changement silencieux bouleverse la relation entre grands parents et familles en France"},"content":{"rendered":"<p>Les liens entre g\u00e9n\u00e9rations se <strong>transforment<\/strong> et beaucoup le sentent, sans toujours <strong>mettre<\/strong> des mots dessus. Plus discrets que des r\u00e9volutions, ces glissements <strong>pratiques<\/strong> et <strong>culturels<\/strong> red\u00e9finissent les r\u00f4les. Les grands-parents deviennent <strong>pivot<\/strong> et <strong>tampon<\/strong>, \u00e0 la fois proches et \u00e0 <strong>distance<\/strong>. \u00ab\u00a0On ne fait plus comme <strong>avant<\/strong>, et pourtant on reste tr\u00e8s <strong>pr\u00e9sents<\/strong>\u00ab\u00a0, confie <strong>Marie<\/strong>, 68 ans, grand-m\u00e8re de deux <strong>enfants<\/strong>.<\/p>\n<p>Des attentes qui se d\u00e9placent<\/p>\n<p>Longtemps, la grand-parentalit\u00e9 fut <strong>associ\u00e9e<\/strong> \u00e0 la transmission et aux <strong>f\u00eates<\/strong> familiales. Aujourd\u2019hui, elle rime surtout avec <strong>soutien<\/strong> concret et <strong>flexible<\/strong>. Les cr\u00e8ches manquent, les <strong>rythmes<\/strong> s\u2019acc\u00e9l\u00e8rent, et les grands-parents <strong>comblent<\/strong> les trous. \u00ab\u00a0On nous sollicite <strong>souvent<\/strong>, mais on nous demande aussi de ne pas trop <strong>intervenir<\/strong>\u00ab\u00a0, r\u00e9sume <strong>Paul<\/strong>, 72 ans.<\/p>\n<p>Cette ambivalence devient un <strong>marqueur<\/strong> contemporain du <strong>lien<\/strong>. On attend une <strong>pr\u00e9sence<\/strong> disponible, mais <strong>n\u00e9anmoins<\/strong> discr\u00e8te. La fronti\u00e8re entre <strong>aide<\/strong> quotidienne et autonomie <strong>parentale<\/strong> doit se <strong>n\u00e9gocier<\/strong>, parfois semaine apr\u00e8s <strong>semaine<\/strong>.<\/p>\n<p>Le travail et l\u2019\u00e9loignement redessinent les liens<\/p>\n<p>Les grands-parents sont plus <strong>actifs<\/strong> plus longtemps, avec des <strong>retraites<\/strong> qui reculent et des <strong>engagements<\/strong> associatifs ou <strong>professionnels<\/strong>. Cela r\u00e9duit les <strong>plages<\/strong> de disponibilit\u00e9, tout en <strong>valorisant<\/strong> leurs envies personnelles. Le \u00ab\u00a0je garde les <strong>mercredis<\/strong>\u00a0\u00bb coexiste avec le \u00ab\u00a0je <strong>voyage<\/strong> en septembre\u00a0\u00bb.<\/p>\n<p>La mobilit\u00e9 <strong>r\u00e9sidentielle<\/strong> et le t\u00e9l\u00e9travail <strong>r\u00e9partissent<\/strong> les familles sur plusieurs <strong>territoires<\/strong>. On se voit moins <strong>souvent<\/strong>, mais on se voit mieux <strong>organis\u00e9s<\/strong>. Les rituels passent par <strong>WhatsApp<\/strong>, vid\u00e9os et <strong>albums<\/strong> partag\u00e9s. Le num\u00e9rique <strong>entre<\/strong> dans la tendresse, m\u00eame s\u2019il n\u2019en remplace pas la <strong>chaleur<\/strong>.<\/p>\n<p>Nouveaux \u00e9quilibres dans l\u2019\u00e9ducation<\/p>\n<p>Le c\u0153ur des <strong>tensions<\/strong> se loge dans les <strong>valeurs<\/strong> du quotidien. \u00c9cran ou pas <strong>\u00e9cran<\/strong>, sucre ou pas <strong>sucre<\/strong>, \u00ab\u00a0tu lui mets une <strong>doudoune<\/strong> ?\u00a0\u00bb, \u00ab\u00a0tu le couchais plus <strong>t\u00f4t<\/strong>\u00ab\u00a0. Les grands-parents acceptent davantage la <strong>norme<\/strong> des parents, pour pr\u00e9server la <strong>confiance<\/strong>. \u00ab\u00a0On s\u2019aligne, sinon on perd le <strong>droit<\/strong> de garde\u00a0\u00bb, glisse <strong>Nadia<\/strong>, 66 ans, mi-amus\u00e9e, mi-<strong>lucide<\/strong>.<\/p>\n<p>En retour, les <strong>parents<\/strong> apprennent \u00e0 formuler des <strong>r\u00e8gles<\/strong> simples et <strong>non<\/strong> culpabilisantes. Ce \u00ab\u00a0contrat de <strong>convivialit\u00e9<\/strong>\u00a0\u00bb all\u00e8ge les <strong>malentendus<\/strong> et s\u00e9curise les <strong>enfants<\/strong>. Les divergences ne sont plus des <strong>fautes<\/strong>, mais des sujets de <strong>discussion<\/strong>.<\/p>\n<p>Le droit et la place symbolique \u00e9voluent<\/p>\n<p>Le cadre <strong>juridique<\/strong> reconna\u00eet le droit des <strong>enfants<\/strong> \u00e0 entretenir des <strong>liens<\/strong> avec leurs ascendants, surtout en cas de <strong>s\u00e9paration<\/strong>. Mais la pratique reste faite de <strong>m\u00e9diations<\/strong>, d\u2019accords et de <strong>prudence<\/strong>. Beaucoup pr\u00e9f\u00e8rent le dialogue <strong>familial<\/strong> \u00e0 la judiciarisation des <strong>d\u00e9saccords<\/strong>.<\/p>\n<p>Sur le plan <strong>symbolique<\/strong>, les grands-parents ne sont plus des <strong>figures<\/strong> immuables. Ils deviennent des <strong>aidants<\/strong> potentiels, parfois pour un <strong>conjoint<\/strong> fragilis\u00e9, parfois pour un <strong>petit-enfant<\/strong> \u00e0 besoins <strong>sp\u00e9cifiques<\/strong>. Le \u00ab\u00a0prendre <strong>soin<\/strong>\u00a0\u00bb circule dans <strong>toutes<\/strong> les directions, et l\u2019autorit\u00e9 se fait plus <strong>horizontale<\/strong>.<\/p>\n<p>Ce qui change concr\u00e8tement<\/p>\n<ul>\n<li>Plus de <strong>garde<\/strong> ponctuelle, moins de <strong>garde<\/strong> r\u00e9guli\u00e8re exclusive, afin de pr\u00e9server les <strong>projets<\/strong> personnels et la <strong>sant\u00e9<\/strong>.<\/li>\n<li>Des \u00e9changes plus <strong>fr\u00e9quents<\/strong> par messages, moins de <strong>visites<\/strong> improvis\u00e9es, avec des <strong>calendriers<\/strong> partag\u00e9s.<\/li>\n<li>Une implication <strong>financi\u00e8re<\/strong> cibl\u00e9e (loisirs, <strong>\u00e9tudes<\/strong>) plut\u00f4t qu\u2019un <strong>soutien<\/strong> permanent.<\/li>\n<li>Des vacances <strong>interg\u00e9n\u00e9rationnelles<\/strong> organis\u00e9es comme de vraies <strong>exp\u00e9riences<\/strong>, pas seulement comme une <strong>solution<\/strong> de garde.<\/li>\n<li>Une place renforc\u00e9e des <strong>grands-parents<\/strong> dans les familles <strong>recompos\u00e9es<\/strong>, avec de nouveaux <strong>liens<\/strong> et de nouveaux <strong>\u00e9quilibres<\/strong>.<\/li>\n<\/ul>\n<p>Quand le \u00ab\u00a0care\u00a0\u00bb devient une \u00e9cologie du lien<\/p>\n<p>La d\u00e9mographie <strong>allonge<\/strong> les trajectoires, et les <strong>fragilit\u00e9s<\/strong> s\u2019\u00e9tirent avec elles. On est grand-parent plus <strong>longtemps<\/strong>, avec des <strong>cycles<\/strong> de sant\u00e9, de <strong>mobilit\u00e9<\/strong>, de deuils et de <strong>renaissances<\/strong>. Cela demande des <strong>ajustements<\/strong> continus, une sorte d\u2019<strong>\u00e9cologie<\/strong> du lien tr\u00e8s <strong>pr\u00e9cieuse<\/strong>.<\/p>\n<p>Beaucoup inventent des <strong>rituels<\/strong> doux: un trajet d\u2019<strong>\u00e9cole<\/strong>, un plat <strong>signature<\/strong>, un jeu du <strong>vendredi<\/strong>. De petites choses qui <strong>raccommodent<\/strong> les semaines et <strong>ancrent<\/strong> la m\u00e9moire. \u00ab\u00a0J\u2019offre du <strong>temps<\/strong>, pas des <strong>lectures<\/strong> morales\u00a0\u00bb, sourit <strong>\u00c9lise<\/strong>, 70 ans. La transmission se fait par la <strong>pr\u00e9sence<\/strong>, la <strong>curiosit\u00e9<\/strong>, l\u2019art d\u2019\u00eatre <strong>l\u00e0<\/strong> sans prendre toute la <strong>place<\/strong>.<\/p>\n<p>Une nouvelle fa\u00e7on d\u2019\u00eatre proches<\/p>\n<p>Le vrai d\u00e9placement est <strong>silencieux<\/strong>, car il passe par des <strong>micro<\/strong>-gestes. Demander \u00ab\u00a0qu\u2019est-ce qui t\u2019<strong>aiderait<\/strong> cette semaine ?\u00a0\u00bb, proposer \u00ab\u00a0je peux <strong>prendre<\/strong> la sortie d\u2019<strong>\u00e9cole<\/strong> jeudi\u00a0\u00bb. Offrir une <strong>soupape<\/strong> quand les parents sont <strong>\u00e9puis\u00e9s<\/strong>, puis se <strong>retirer<\/strong> avec \u00e9l\u00e9gance. Cette discr\u00e9tion devient une <strong>force<\/strong>, et m\u00eame une nouvelle <strong>boussole<\/strong>.<\/p>\n<p>Elle autorise un lien plus <strong>juste<\/strong>, moins <strong>normatif<\/strong>, plus <strong>r\u00e9versible<\/strong>. On peut dire <strong>non<\/strong> sans casser l\u2019<strong>amour<\/strong>, et dire <strong>oui<\/strong> sans s\u2019y <strong>perdre<\/strong>. Entre gratitude et <strong>limites<\/strong>, c\u2019est une mani\u00e8re tr\u00e8s <strong>fran\u00e7aise<\/strong> de concilier la <strong>libert\u00e9<\/strong> de chacun et la <strong>solidarit\u00e9<\/strong> de tous.<\/p>\n<p>Vers un pacte interg\u00e9n\u00e9rationnel renouvel\u00e9<\/p>\n<p>Ce pacte se bricole <strong>maison<\/strong>, famille par <strong>famille<\/strong>. Il coute parfois des <strong>efforts<\/strong>, mais il rapporte de la <strong>confiance<\/strong>. Les grands-parents deviennent des <strong>alli\u00e9s<\/strong> strat\u00e9giques, pas des <strong>figurants<\/strong> ni des <strong>sauveurs<\/strong>. Ils proposent un <strong>cadre<\/strong>, pas un <strong>cadre<\/strong> rigide.<\/p>\n<p>Au fond, la relation se <strong>r\u00e9invente<\/strong> \u00e0 bas <strong>bruit<\/strong>, au rythme des <strong>semaines<\/strong> et des saisons <strong>familiales<\/strong>. Elle gagne en <strong>souplesse<\/strong>, en <strong>qualit\u00e9<\/strong> et en <strong>dignit\u00e9<\/strong> partag\u00e9e. Le futur s\u2019\u00e9crit de <strong>mains<\/strong> en mains, dans un fran\u00e7ais tr\u00e8s <strong>simple<\/strong>: \u00ab\u00a0Tu peux <strong>compter<\/strong> sur moi, et moi sur <strong>toi<\/strong>.\u00a0\u00bb<\/p>\n","protected":false},"excerpt":{"rendered":"Les liens entre g\u00e9n\u00e9rations se transforment et beaucoup le sentent, sans toujours mettre des mots dessus. Plus discrets&hellip;\n","protected":false},"author":2,"featured_media":622383,"comment_status":"","ping_status":"","sticky":false,"template":"","format":"standard","meta":{"footnotes":""},"categories":[1888],"tags":[1111,1928,11,1927,1777,674,1011,27,12,1926,626,1925,25],"class_list":{"0":"post-622382","1":"post","2":"type-post","3":"status-publish","4":"format-standard","5":"has-post-thumbnail","7":"category-paris","8":"tag-actu","9":"tag-actu-paris","10":"tag-actualites","11":"tag-actualites-paris","12":"tag-eu","13":"tag-europe","14":"tag-fr","15":"tag-france","16":"tag-news","17":"tag-news-paris","18":"tag-paris","19":"tag-paris-news","20":"tag-republique-francaise"},"share_on_mastodon":{"url":"https:\/\/pubeurope.com\/@fr\/115783021662868192","error":""},"_links":{"self":[{"href":"https:\/\/www.europesays.com\/fr\/wp-json\/wp\/v2\/posts\/622382","targetHints":{"allow":["GET"]}}],"collection":[{"href":"https:\/\/www.europesays.com\/fr\/wp-json\/wp\/v2\/posts"}],"about":[{"href":"https:\/\/www.europesays.com\/fr\/wp-json\/wp\/v2\/types\/post"}],"author":[{"embeddable":true,"href":"https:\/\/www.europesays.com\/fr\/wp-json\/wp\/v2\/users\/2"}],"replies":[{"embeddable":true,"href":"https:\/\/www.europesays.com\/fr\/wp-json\/wp\/v2\/comments?post=622382"}],"version-history":[{"count":0,"href":"https:\/\/www.europesays.com\/fr\/wp-json\/wp\/v2\/posts\/622382\/revisions"}],"wp:featuredmedia":[{"embeddable":true,"href":"https:\/\/www.europesays.com\/fr\/wp-json\/wp\/v2\/media\/622383"}],"wp:attachment":[{"href":"https:\/\/www.europesays.com\/fr\/wp-json\/wp\/v2\/media?parent=622382"}],"wp:term":[{"taxonomy":"category","embeddable":true,"href":"https:\/\/www.europesays.com\/fr\/wp-json\/wp\/v2\/categories?post=622382"},{"taxonomy":"post_tag","embeddable":true,"href":"https:\/\/www.europesays.com\/fr\/wp-json\/wp\/v2\/tags?post=622382"}],"curies":[{"name":"wp","href":"https:\/\/api.w.org\/{rel}","templated":true}]}}